{"id":4176,"date":"2012-01-15T00:00:00","date_gmt":"1970-01-01T00:00:00","guid":{"rendered":"http:\/\/ejimenez.webs.ull.es\/?p=4176"},"modified":"2015-09-04T11:47:28","modified_gmt":"2015-09-04T11:47:28","slug":"evaluacion-asistida-a-traves-de-ordenador-en-la-dislexia-en-j-e-jimenez-coord-dislexia-en-espanol-prevalencia-e-indicadores-cognitivos-culturales-familiares-y-biologicos-pp-211-235","status":"publish","type":"post","link":"https:\/\/ejimenez.webs.ull.es\/?p=4176","title":{"rendered":"Evaluaci\u00f3n asistida a trav\u00e9s de ordenador en la dislexia. En J.E. Jim\u00e9nez (Coord.). Dislexia en espa\u00f1ol: prevalencia e indicadores cognitivos, culturales, familiares y biol\u00f3gicos (pp. 211-235)."},"content":{"rendered":"<p>Autores:  Jim\u00e9nez, J.E. y Garc\u00eda, E. (2012).<br \/>\nT\u00edtulo: Evaluaci\u00f3n asistida a trav\u00e9s de ordenador en la dislexia. En J.E. Jim\u00e9nez (Coord.). Dislexia en espa\u00f1ol: prevalencia e indicadores cognitivos, culturales, familiares y biol\u00f3gicos (pp. 211-235).<br \/>\nEditorial: Pir\u00e1mide.<br \/>\nISBN: 978-84-368-2649-4\u2028<br \/>\nCLAVE: CL.<\/p>\n","protected":false},"excerpt":{"rendered":"<p>Autores: Jim\u00e9nez, J.E. y Garc\u00eda, E. (2012). T\u00edtulo: Evaluaci\u00f3n asistida a trav\u00e9s de ordenador en la dislexia. En J.E. Jim\u00e9nez (Coord.). Dislexia en espa\u00f1ol: prevalencia e indicadores cognitivos, culturales, familiares y biol\u00f3gicos (pp. 211-235). Editorial: Pir\u00e1mide. ISBN: 978-84-368-2649-4\u2028 CLAVE: CL.<\/p>\n","protected":false},"author":1,"featured_media":0,"comment_status":"closed","ping_status":"closed","sticky":false,"template":"","format":"aside","meta":{"footnotes":""},"categories":[13,12],"tags":[],"_links":{"self":[{"href":"https:\/\/ejimenez.webs.ull.es\/index.php?rest_route=\/wp\/v2\/posts\/4176"}],"collection":[{"href":"https:\/\/ejimenez.webs.ull.es\/index.php?rest_route=\/wp\/v2\/posts"}],"about":[{"href":"https:\/\/ejimenez.webs.ull.es\/index.php?rest_route=\/wp\/v2\/types\/post"}],"author":[{"embeddable":true,"href":"https:\/\/ejimenez.webs.ull.es\/index.php?rest_route=\/wp\/v2\/users\/1"}],"replies":[{"embeddable":true,"href":"https:\/\/ejimenez.webs.ull.es\/index.php?rest_route=%2Fwp%2Fv2%2Fcomments&post=4176"}],"version-history":[{"count":1,"href":"https:\/\/ejimenez.webs.ull.es\/index.php?rest_route=\/wp\/v2\/posts\/4176\/revisions"}],"predecessor-version":[{"id":4881,"href":"https:\/\/ejimenez.webs.ull.es\/index.php?rest_route=\/wp\/v2\/posts\/4176\/revisions\/4881"}],"wp:attachment":[{"href":"https:\/\/ejimenez.webs.ull.es\/index.php?rest_route=%2Fwp%2Fv2%2Fmedia&parent=4176"}],"wp:term":[{"taxonomy":"category","embeddable":true,"href":"https:\/\/ejimenez.webs.ull.es\/index.php?rest_route=%2Fwp%2Fv2%2Fcategories&post=4176"},{"taxonomy":"post_tag","embeddable":true,"href":"https:\/\/ejimenez.webs.ull.es\/index.php?rest_route=%2Fwp%2Fv2%2Ftags&post=4176"}],"curies":[{"name":"wp","href":"https:\/\/api.w.org\/{rel}","templated":true}]}}