{"id":4182,"date":"2012-01-18T00:00:00","date_gmt":"1970-01-01T00:00:00","guid":{"rendered":"http:\/\/ejimenez.webs.ull.es\/?p=4182"},"modified":"2015-09-07T09:56:17","modified_gmt":"2015-09-07T09:56:17","slug":"trastorno-por-deficit-de-atencion-con-o-sin-hiperactividad-tdah-prevalencia-y-evaluacion-de-las-funciones-ejecutivas-introduccion-a-la-serie-especial-%e2%80%a8ref-revista-european-journal-of-e","status":"publish","type":"post","link":"https:\/\/ejimenez.webs.ull.es\/?p=4182","title":{"rendered":"Trastorno por D\u00e9ficit de Atenci\u00f3n con o sin Hiperactividad (TDAH): prevalencia y evaluaci\u00f3n de las funciones ejecutivas. Introducci\u00f3n a la Serie Especial. \u2028Ref.: Revista: European Journal of Educational and Psychology, 5, 5-11."},"content":{"rendered":"<p>Autores:  Jim\u00e9nez, J.E. (2012)<br \/>\nT\u00edtulo: Trastorno por D\u00e9ficit de Atenci\u00f3n con o sin Hiperactividad (TDAH): prevalencia y evaluaci\u00f3n de las funciones ejecutivas. Introducci\u00f3n a la Serie Especial.<br \/>\nRevista: European Journal of Educational and Psychology, 5, 5-11.<br \/>\nISBN: 1888-8992\u2028CLAVE: A.<br \/>\n<a href=\"http:\/\/ejimenez.webs.ull.es\/wp-content\/uploads\/2012-Trastorno-por-D\u00e9ficit-de-Atenci\u00f3n-con-o-sin-Hiperactividad-TDAH-prevalencia-y-evaluaci\u00f3n-de-las-funciones-ejecutivas_Introducci\u00f3n-a-la-Serie-Especial.pdf\">Trastorno por D\u00e9ficit de Atenci\u00f3n con o sin Hiperactividad (TDAH) prevalencia y evaluaci\u00f3n de las funciones ejecutivas_Introducci\u00f3n a la Serie Especial<\/a><\/p>\n","protected":false},"excerpt":{"rendered":"<p>Autores: Jim\u00e9nez, J.E. (2012) T\u00edtulo: Trastorno por D\u00e9ficit de Atenci\u00f3n con o sin Hiperactividad (TDAH): prevalencia y evaluaci\u00f3n de las funciones ejecutivas. Introducci\u00f3n a la Serie Especial. Revista: European Journal of Educational and Psychology, 5, 5-11. ISBN: 1888-8992\u2028CLAVE: A. Trastorno por D\u00e9ficit de Atenci\u00f3n con o sin Hiperactividad (TDAH) prevalencia y evaluaci\u00f3n de las funciones [&hellip;]<\/p>\n","protected":false},"author":1,"featured_media":0,"comment_status":"closed","ping_status":"closed","sticky":false,"template":"","format":"aside","meta":{"footnotes":""},"categories":[15,12],"tags":[],"_links":{"self":[{"href":"https:\/\/ejimenez.webs.ull.es\/index.php?rest_route=\/wp\/v2\/posts\/4182"}],"collection":[{"href":"https:\/\/ejimenez.webs.ull.es\/index.php?rest_route=\/wp\/v2\/posts"}],"about":[{"href":"https:\/\/ejimenez.webs.ull.es\/index.php?rest_route=\/wp\/v2\/types\/post"}],"author":[{"embeddable":true,"href":"https:\/\/ejimenez.webs.ull.es\/index.php?rest_route=\/wp\/v2\/users\/1"}],"replies":[{"embeddable":true,"href":"https:\/\/ejimenez.webs.ull.es\/index.php?rest_route=%2Fwp%2Fv2%2Fcomments&post=4182"}],"version-history":[{"count":3,"href":"https:\/\/ejimenez.webs.ull.es\/index.php?rest_route=\/wp\/v2\/posts\/4182\/revisions"}],"predecessor-version":[{"id":5002,"href":"https:\/\/ejimenez.webs.ull.es\/index.php?rest_route=\/wp\/v2\/posts\/4182\/revisions\/5002"}],"wp:attachment":[{"href":"https:\/\/ejimenez.webs.ull.es\/index.php?rest_route=%2Fwp%2Fv2%2Fmedia&parent=4182"}],"wp:term":[{"taxonomy":"category","embeddable":true,"href":"https:\/\/ejimenez.webs.ull.es\/index.php?rest_route=%2Fwp%2Fv2%2Fcategories&post=4182"},{"taxonomy":"post_tag","embeddable":true,"href":"https:\/\/ejimenez.webs.ull.es\/index.php?rest_route=%2Fwp%2Fv2%2Ftags&post=4182"}],"curies":[{"name":"wp","href":"https:\/\/api.w.org\/{rel}","templated":true}]}}