{"id":4202,"date":"2013-01-03T00:00:00","date_gmt":"2013-01-03T00:00:00","guid":{"rendered":"http:\/\/ejimenez.webs.ull.es\/?p=4202"},"modified":"2015-09-04T11:35:16","modified_gmt":"2015-09-04T11:35:16","slug":"a-developmental-perspective-on-problem-solving-components-in-children-with-and-without-math-and-text-comprehension-difficulties-en-j-l-gazquez-et-al-comps-investigacion-en-el-ambito-escolar-u","status":"publish","type":"post","link":"https:\/\/ejimenez.webs.ull.es\/?p=4202","title":{"rendered":"A developmental perspective on problem solving components in children with and without math and text comprehension difficulties. En J.L. G\u00e1zquez, et al (Comps.)., Investigaci\u00f3n en el \u00e1mbito escolar: un acercamiento multidimensional a las variables psicol\u00f3gicas y educativas (pp. 23-27)."},"content":{"rendered":"<p>Autores:  Bischopp, E., Jim\u00e9nez, J.E., Rodr\u00edguez, C., Villarroel, R., y Peake, C. (2013).<br \/>\nT\u00edtulo: A developmental perspective on problem solving components in children with and without math and text comprehension difficulties. En J.L. G\u00e1zquez, et al (Comps.)., Investigaci\u00f3n en el \u00e1mbito escolar: un acercamiento multidimensional a las variables psicol\u00f3gicas y educativas (pp. 23-27).<br \/>\nEditorial: GEU.<br \/>\nISBN: 978-84-9915-954-6<br \/>\n\u2028CLAVE: CL.<\/p>\n","protected":false},"excerpt":{"rendered":"<p>Autores: Bischopp, E., Jim\u00e9nez, J.E., Rodr\u00edguez, C., Villarroel, R., y Peake, C. (2013). T\u00edtulo: A developmental perspective on problem solving components in children with and without math and text comprehension difficulties. En J.L. G\u00e1zquez, et al (Comps.)., Investigaci\u00f3n en el \u00e1mbito escolar: un acercamiento multidimensional a las variables psicol\u00f3gicas y educativas (pp. 23-27). Editorial: GEU. [&hellip;]<\/p>\n","protected":false},"author":1,"featured_media":0,"comment_status":"closed","ping_status":"closed","sticky":false,"template":"","format":"aside","meta":{"footnotes":""},"categories":[13,12],"tags":[],"_links":{"self":[{"href":"https:\/\/ejimenez.webs.ull.es\/index.php?rest_route=\/wp\/v2\/posts\/4202"}],"collection":[{"href":"https:\/\/ejimenez.webs.ull.es\/index.php?rest_route=\/wp\/v2\/posts"}],"about":[{"href":"https:\/\/ejimenez.webs.ull.es\/index.php?rest_route=\/wp\/v2\/types\/post"}],"author":[{"embeddable":true,"href":"https:\/\/ejimenez.webs.ull.es\/index.php?rest_route=\/wp\/v2\/users\/1"}],"replies":[{"embeddable":true,"href":"https:\/\/ejimenez.webs.ull.es\/index.php?rest_route=%2Fwp%2Fv2%2Fcomments&post=4202"}],"version-history":[{"count":1,"href":"https:\/\/ejimenez.webs.ull.es\/index.php?rest_route=\/wp\/v2\/posts\/4202\/revisions"}],"predecessor-version":[{"id":4860,"href":"https:\/\/ejimenez.webs.ull.es\/index.php?rest_route=\/wp\/v2\/posts\/4202\/revisions\/4860"}],"wp:attachment":[{"href":"https:\/\/ejimenez.webs.ull.es\/index.php?rest_route=%2Fwp%2Fv2%2Fmedia&parent=4202"}],"wp:term":[{"taxonomy":"category","embeddable":true,"href":"https:\/\/ejimenez.webs.ull.es\/index.php?rest_route=%2Fwp%2Fv2%2Fcategories&post=4202"},{"taxonomy":"post_tag","embeddable":true,"href":"https:\/\/ejimenez.webs.ull.es\/index.php?rest_route=%2Fwp%2Fv2%2Ftags&post=4202"}],"curies":[{"name":"wp","href":"https:\/\/api.w.org\/{rel}","templated":true}]}}