{"id":4204,"date":"2013-01-04T00:00:00","date_gmt":"2013-01-04T00:00:00","guid":{"rendered":"http:\/\/ejimenez.webs.ull.es\/?p=4204"},"modified":"2015-09-04T11:36:07","modified_gmt":"2015-09-04T11:36:07","slug":"el-aprendizaje-de-la-lectura-en-espanol-como-segunda-lengua-un-estudio-preliminar-sobre-los-procesos-cognitivos-y-de-lectura-en-ninos-que-tienen-el-ingles-como-lengua-materna-en-j-l-gazquez-et-al","status":"publish","type":"post","link":"https:\/\/ejimenez.webs.ull.es\/?p=4204","title":{"rendered":"El aprendizaje de la lectura en espa\u00f1ol como segunda lengua: un estudio preliminar sobre los procesos cognitivos y de lectura en ni\u00f1os que tienen el ingl\u00e9s como lengua materna. En J.L. G\u00e1zquez, et al (Comps.)., Investigaci\u00f3n en el \u00e1mbito escolar: un acercamiento multidimensional a las variables psicol\u00f3gicas y educativas (pp. 57-61)."},"content":{"rendered":"<p>Autores:  Guzm\u00e1n, R., Garc\u00eda-Luis, I., y  Jim\u00e9nez, J.E. (2013).<br \/>\nT\u00edtulo: El aprendizaje de la lectura en espa\u00f1ol como segunda lengua: un estudio preliminar sobre los procesos cognitivos y de lectura en ni\u00f1os que tienen el ingl\u00e9s como lengua materna. En J.L. G\u00e1zquez, et al (Comps.)., Investigaci\u00f3n en el \u00e1mbito escolar: un acercamiento multidimensional a las variables psicol\u00f3gicas y educativas (pp. 57-61).<br \/>\nEditorial: GEU.<br \/>\nISBN: 978-84-9915-954-6<br \/>\n\u2028CLAVE: CL.<\/p>\n","protected":false},"excerpt":{"rendered":"<p>Autores: Guzm\u00e1n, R., Garc\u00eda-Luis, I., y Jim\u00e9nez, J.E. (2013). T\u00edtulo: El aprendizaje de la lectura en espa\u00f1ol como segunda lengua: un estudio preliminar sobre los procesos cognitivos y de lectura en ni\u00f1os que tienen el ingl\u00e9s como lengua materna. En J.L. G\u00e1zquez, et al (Comps.)., Investigaci\u00f3n en el \u00e1mbito escolar: un acercamiento multidimensional a las [&hellip;]<\/p>\n","protected":false},"author":1,"featured_media":0,"comment_status":"closed","ping_status":"closed","sticky":false,"template":"","format":"aside","meta":{"footnotes":""},"categories":[13,12],"tags":[],"_links":{"self":[{"href":"https:\/\/ejimenez.webs.ull.es\/index.php?rest_route=\/wp\/v2\/posts\/4204"}],"collection":[{"href":"https:\/\/ejimenez.webs.ull.es\/index.php?rest_route=\/wp\/v2\/posts"}],"about":[{"href":"https:\/\/ejimenez.webs.ull.es\/index.php?rest_route=\/wp\/v2\/types\/post"}],"author":[{"embeddable":true,"href":"https:\/\/ejimenez.webs.ull.es\/index.php?rest_route=\/wp\/v2\/users\/1"}],"replies":[{"embeddable":true,"href":"https:\/\/ejimenez.webs.ull.es\/index.php?rest_route=%2Fwp%2Fv2%2Fcomments&post=4204"}],"version-history":[{"count":1,"href":"https:\/\/ejimenez.webs.ull.es\/index.php?rest_route=\/wp\/v2\/posts\/4204\/revisions"}],"predecessor-version":[{"id":4862,"href":"https:\/\/ejimenez.webs.ull.es\/index.php?rest_route=\/wp\/v2\/posts\/4204\/revisions\/4862"}],"wp:attachment":[{"href":"https:\/\/ejimenez.webs.ull.es\/index.php?rest_route=%2Fwp%2Fv2%2Fmedia&parent=4204"}],"wp:term":[{"taxonomy":"category","embeddable":true,"href":"https:\/\/ejimenez.webs.ull.es\/index.php?rest_route=%2Fwp%2Fv2%2Fcategories&post=4204"},{"taxonomy":"post_tag","embeddable":true,"href":"https:\/\/ejimenez.webs.ull.es\/index.php?rest_route=%2Fwp%2Fv2%2Ftags&post=4204"}],"curies":[{"name":"wp","href":"https:\/\/api.w.org\/{rel}","templated":true}]}}