{"id":4208,"date":"2013-01-06T00:00:00","date_gmt":"2013-01-06T00:00:00","guid":{"rendered":"http:\/\/ejimenez.webs.ull.es\/?p=4208"},"modified":"2015-09-04T11:42:43","modified_gmt":"2015-09-04T11:42:43","slug":"escribiendo-de-memoria-y-en-orden-las-letras-del-alfabeto-un-estudio-transversal-en-ninos-con-y-sin-riesgo-de-presentare-dificultades-de-aprendizaje-en-la-escritura-en-j-l-gazquez-et-al-comps","status":"publish","type":"post","link":"https:\/\/ejimenez.webs.ull.es\/?p=4208","title":{"rendered":"Escribiendo de memoria y en orden las letras del alfabeto: un estudio transversal en ni\u00f1os con y sin riesgo de presentare dificultades de aprendizaje en la escritura. En J.L. G\u00e1zquez, et al (Comps.)., Investigaci\u00f3n en el \u00e1mbito escolar: un acercamiento multidimensional a las variables psicol\u00f3gicas y educativas (pp. 91-96)."},"content":{"rendered":"<p>Autores:  Morales, C., Jim\u00e9nez, J.E., Garc\u00eda, E., Gonz\u00e1lez, D., Peake, C., Suarez, N., Jim\u00e9nez, E., y Gil, V. (2013).<br \/>\nT\u00edtulo:Escribiendo de memoria y en orden las letras del alfabeto: un estudio transversal en ni\u00f1os con y sin riesgo de presentare dificultades de aprendizaje en la escritura. En J.L. G\u00e1zquez, et al (Comps.)., Investigaci\u00f3n en el \u00e1mbito escolar: un acercamiento multidimensional a las variables psicol\u00f3gicas y educativas (pp. 91-96).<br \/>\nEditorial: GEU.<br \/>\nISBN: 978-84-9915-954-6\u2028<br \/>\nCLAVE: CL.<\/p>\n","protected":false},"excerpt":{"rendered":"<p>Autores: Morales, C., Jim\u00e9nez, J.E., Garc\u00eda, E., Gonz\u00e1lez, D., Peake, C., Suarez, N., Jim\u00e9nez, E., y Gil, V. (2013). T\u00edtulo:Escribiendo de memoria y en orden las letras del alfabeto: un estudio transversal en ni\u00f1os con y sin riesgo de presentare dificultades de aprendizaje en la escritura. En J.L. G\u00e1zquez, et al (Comps.)., Investigaci\u00f3n en el [&hellip;]<\/p>\n","protected":false},"author":1,"featured_media":0,"comment_status":"closed","ping_status":"closed","sticky":false,"template":"","format":"aside","meta":{"footnotes":""},"categories":[13,12],"tags":[],"_links":{"self":[{"href":"https:\/\/ejimenez.webs.ull.es\/index.php?rest_route=\/wp\/v2\/posts\/4208"}],"collection":[{"href":"https:\/\/ejimenez.webs.ull.es\/index.php?rest_route=\/wp\/v2\/posts"}],"about":[{"href":"https:\/\/ejimenez.webs.ull.es\/index.php?rest_route=\/wp\/v2\/types\/post"}],"author":[{"embeddable":true,"href":"https:\/\/ejimenez.webs.ull.es\/index.php?rest_route=\/wp\/v2\/users\/1"}],"replies":[{"embeddable":true,"href":"https:\/\/ejimenez.webs.ull.es\/index.php?rest_route=%2Fwp%2Fv2%2Fcomments&post=4208"}],"version-history":[{"count":1,"href":"https:\/\/ejimenez.webs.ull.es\/index.php?rest_route=\/wp\/v2\/posts\/4208\/revisions"}],"predecessor-version":[{"id":4875,"href":"https:\/\/ejimenez.webs.ull.es\/index.php?rest_route=\/wp\/v2\/posts\/4208\/revisions\/4875"}],"wp:attachment":[{"href":"https:\/\/ejimenez.webs.ull.es\/index.php?rest_route=%2Fwp%2Fv2%2Fmedia&parent=4208"}],"wp:term":[{"taxonomy":"category","embeddable":true,"href":"https:\/\/ejimenez.webs.ull.es\/index.php?rest_route=%2Fwp%2Fv2%2Fcategories&post=4208"},{"taxonomy":"post_tag","embeddable":true,"href":"https:\/\/ejimenez.webs.ull.es\/index.php?rest_route=%2Fwp%2Fv2%2Ftags&post=4208"}],"curies":[{"name":"wp","href":"https:\/\/api.w.org\/{rel}","templated":true}]}}