{"id":4214,"date":"2013-01-09T00:00:00","date_gmt":"2013-01-09T00:00:00","guid":{"rendered":"http:\/\/ejimenez.webs.ull.es\/?p=4214"},"modified":"2015-09-04T11:40:11","modified_gmt":"2015-09-04T11:40:11","slug":"prueba-diagnostica-de-lectura-inicial-analizando-el-desarrollo-de-los-componentes-de-la-lectura-en-los-primeros-niveles-de-educacion-primaria-en-m-c-perez-y-m-m-molero-comps-variables-psicolog","status":"publish","type":"post","link":"https:\/\/ejimenez.webs.ull.es\/?p=4214","title":{"rendered":"Prueba diagn\u00f3stica de lectura inicial analizando el desarrollo de los componentes de la lectura en los primeros niveles de educaci\u00f3n primaria. En M.C. P\u00e9rez y M.M. Molero (Comps.)., Variables psicol\u00f3gicas y educativas para la intervenci\u00f3n en el \u00e1mbito escolar (pp.207-212)."},"content":{"rendered":"<p>Autores:  Gil, V., Jim\u00e9nez, J.E., Rodr\u00edguez, C., Gonz\u00e1lez, D., y Morales, C.. (2013).<br \/>\nT\u00edtulo: Prueba diagn\u00f3stica de lectura inicial analizando el desarrollo de los componentes de la lectura en los primeros niveles de educaci\u00f3n primaria. En M.C. P\u00e9rez y M.M. Molero (Comps.)., Variables psicol\u00f3gicas y educativas para la intervenci\u00f3n en el \u00e1mbito escolar (pp.207-212).<br \/>\nEditorial: GEU.<br \/>\nISBN: 978-84-9915-954-6<br \/>\n\u2028CLAVE: CL.<\/p>\n","protected":false},"excerpt":{"rendered":"<p>Autores: Gil, V., Jim\u00e9nez, J.E., Rodr\u00edguez, C., Gonz\u00e1lez, D., y Morales, C.. (2013). T\u00edtulo: Prueba diagn\u00f3stica de lectura inicial analizando el desarrollo de los componentes de la lectura en los primeros niveles de educaci\u00f3n primaria. En M.C. P\u00e9rez y M.M. Molero (Comps.)., Variables psicol\u00f3gicas y educativas para la intervenci\u00f3n en el \u00e1mbito escolar (pp.207-212). Editorial: [&hellip;]<\/p>\n","protected":false},"author":1,"featured_media":0,"comment_status":"closed","ping_status":"closed","sticky":false,"template":"","format":"aside","meta":{"footnotes":""},"categories":[13,12],"tags":[],"_links":{"self":[{"href":"https:\/\/ejimenez.webs.ull.es\/index.php?rest_route=\/wp\/v2\/posts\/4214"}],"collection":[{"href":"https:\/\/ejimenez.webs.ull.es\/index.php?rest_route=\/wp\/v2\/posts"}],"about":[{"href":"https:\/\/ejimenez.webs.ull.es\/index.php?rest_route=\/wp\/v2\/types\/post"}],"author":[{"embeddable":true,"href":"https:\/\/ejimenez.webs.ull.es\/index.php?rest_route=\/wp\/v2\/users\/1"}],"replies":[{"embeddable":true,"href":"https:\/\/ejimenez.webs.ull.es\/index.php?rest_route=%2Fwp%2Fv2%2Fcomments&post=4214"}],"version-history":[{"count":1,"href":"https:\/\/ejimenez.webs.ull.es\/index.php?rest_route=\/wp\/v2\/posts\/4214\/revisions"}],"predecessor-version":[{"id":4869,"href":"https:\/\/ejimenez.webs.ull.es\/index.php?rest_route=\/wp\/v2\/posts\/4214\/revisions\/4869"}],"wp:attachment":[{"href":"https:\/\/ejimenez.webs.ull.es\/index.php?rest_route=%2Fwp%2Fv2%2Fmedia&parent=4214"}],"wp:term":[{"taxonomy":"category","embeddable":true,"href":"https:\/\/ejimenez.webs.ull.es\/index.php?rest_route=%2Fwp%2Fv2%2Fcategories&post=4214"},{"taxonomy":"post_tag","embeddable":true,"href":"https:\/\/ejimenez.webs.ull.es\/index.php?rest_route=%2Fwp%2Fv2%2Ftags&post=4214"}],"curies":[{"name":"wp","href":"https:\/\/api.w.org\/{rel}","templated":true}]}}