{"id":4216,"date":"2013-01-10T00:00:00","date_gmt":"1970-01-01T00:00:00","guid":{"rendered":"http:\/\/ejimenez.webs.ull.es\/?p=4216"},"modified":"2015-09-04T11:39:33","modified_gmt":"2015-09-04T11:39:33","slug":"necesidades-especificas-de-apoyo-educativo-derivadas-de-dificultades-especificas-de-aprendizaje-en-las-matematicas-en-la-comunidad-autonoma-de-canarias-en-m-c-perez-y-m-m-molero-comps-variable","status":"publish","type":"post","link":"https:\/\/ejimenez.webs.ull.es\/?p=4216","title":{"rendered":"Necesidades espec\u00edficas de apoyo educativo derivadas de dificultades espec\u00edficas de aprendizaje en las matem\u00e1ticas en la Comunidad Aut\u00f3noma de Canarias. En M.C. P\u00e9rez y M.M. Molero (Comps.)., Variables psicol\u00f3gicas y educativas para la intervenci\u00f3n en el \u00e1mbito escolar (pp.455-460)."},"content":{"rendered":"<p>Autores:  Artiles, C., y Jim\u00e9nez, J.E. (2013).<br \/>\nT\u00edtulo: Necesidades espec\u00edficas de apoyo educativo derivadas de dificultades espec\u00edficas de aprendizaje en las matem\u00e1ticas en la Comunidad Aut\u00f3noma de Canarias. En M.C. P\u00e9rez y M.M. Molero (Comps.)., Variables psicol\u00f3gicas y educativas para la intervenci\u00f3n en el \u00e1mbito escolar (pp.455-460).<br \/>\nEditorial: GEU.<br \/>\nISBN: 978-84-9915-954-6\u2028<br \/>\nCLAVE: CL.<\/p>\n","protected":false},"excerpt":{"rendered":"<p>Autores: Artiles, C., y Jim\u00e9nez, J.E. (2013). T\u00edtulo: Necesidades espec\u00edficas de apoyo educativo derivadas de dificultades espec\u00edficas de aprendizaje en las matem\u00e1ticas en la Comunidad Aut\u00f3noma de Canarias. En M.C. P\u00e9rez y M.M. Molero (Comps.)., Variables psicol\u00f3gicas y educativas para la intervenci\u00f3n en el \u00e1mbito escolar (pp.455-460). Editorial: GEU. ISBN: 978-84-9915-954-6\u2028 CLAVE: CL.<\/p>\n","protected":false},"author":1,"featured_media":0,"comment_status":"closed","ping_status":"closed","sticky":false,"template":"","format":"aside","meta":{"footnotes":""},"categories":[13,12],"tags":[],"_links":{"self":[{"href":"https:\/\/ejimenez.webs.ull.es\/index.php?rest_route=\/wp\/v2\/posts\/4216"}],"collection":[{"href":"https:\/\/ejimenez.webs.ull.es\/index.php?rest_route=\/wp\/v2\/posts"}],"about":[{"href":"https:\/\/ejimenez.webs.ull.es\/index.php?rest_route=\/wp\/v2\/types\/post"}],"author":[{"embeddable":true,"href":"https:\/\/ejimenez.webs.ull.es\/index.php?rest_route=\/wp\/v2\/users\/1"}],"replies":[{"embeddable":true,"href":"https:\/\/ejimenez.webs.ull.es\/index.php?rest_route=%2Fwp%2Fv2%2Fcomments&post=4216"}],"version-history":[{"count":1,"href":"https:\/\/ejimenez.webs.ull.es\/index.php?rest_route=\/wp\/v2\/posts\/4216\/revisions"}],"predecessor-version":[{"id":4867,"href":"https:\/\/ejimenez.webs.ull.es\/index.php?rest_route=\/wp\/v2\/posts\/4216\/revisions\/4867"}],"wp:attachment":[{"href":"https:\/\/ejimenez.webs.ull.es\/index.php?rest_route=%2Fwp%2Fv2%2Fmedia&parent=4216"}],"wp:term":[{"taxonomy":"category","embeddable":true,"href":"https:\/\/ejimenez.webs.ull.es\/index.php?rest_route=%2Fwp%2Fv2%2Fcategories&post=4216"},{"taxonomy":"post_tag","embeddable":true,"href":"https:\/\/ejimenez.webs.ull.es\/index.php?rest_route=%2Fwp%2Fv2%2Ftags&post=4216"}],"curies":[{"name":"wp","href":"https:\/\/api.w.org\/{rel}","templated":true}]}}