{"id":4246,"date":"2013-01-25T00:00:00","date_gmt":"1970-01-01T00:00:00","guid":{"rendered":"http:\/\/ejimenez.webs.ull.es\/?p=4246"},"modified":"2015-09-02T11:20:36","modified_gmt":"2015-09-02T11:20:36","slug":"el-rol-de-la-escritura-de-numeros-en-ninos-con-y-sin-dificultades-de-aprendizaje-en-matematicas","status":"publish","type":"post","link":"https:\/\/ejimenez.webs.ull.es\/?p=4246","title":{"rendered":"El rol de la escritura de n\u00fameros en ni\u00f1os con y sin dificultades de aprendizaje en matem\u00e1ticas."},"content":{"rendered":"<p>Autores:  Villarroel, R., Jim\u00e9nez, J.E., Rodr\u00edguez, C., Peake, C., y Bisschop, E., y (2013).<br \/>\nT\u00edtulo: El rol de la escritura de n\u00fameros en ni\u00f1os con y sin dificultades de aprendizaje en matem\u00e1ticas.<br \/>\nRef.Revista: European Journal of Education and Psychology, 6, 105-115.<br \/>\nCLAVE: A.<br \/>\n<a href=\"http:\/\/ejimenez.webs.ull.es\/wp-content\/uploads\/El-rol-de-la-escritura-de-n\u00fameros-en-ni\u00f1os-con-y-sin-dificultades-de-aprendizaje-en-matem\u00e1ticas.pdf\">El rol de la escritura de n\u00fameros en ni\u00f1os con y sin dificultades de aprendizaje en matem\u00e1ticas<\/a><\/p>\n","protected":false},"excerpt":{"rendered":"<p>Autores: Villarroel, R., Jim\u00e9nez, J.E., Rodr\u00edguez, C., Peake, C., y Bisschop, E., y (2013). T\u00edtulo: El rol de la escritura de n\u00fameros en ni\u00f1os con y sin dificultades de aprendizaje en matem\u00e1ticas. Ref.Revista: European Journal of Education and Psychology, 6, 105-115. CLAVE: A. El rol de la escritura de n\u00fameros en ni\u00f1os con y sin [&hellip;]<\/p>\n","protected":false},"author":1,"featured_media":0,"comment_status":"closed","ping_status":"closed","sticky":false,"template":"","format":"aside","meta":{"footnotes":""},"categories":[15,12],"tags":[],"_links":{"self":[{"href":"https:\/\/ejimenez.webs.ull.es\/index.php?rest_route=\/wp\/v2\/posts\/4246"}],"collection":[{"href":"https:\/\/ejimenez.webs.ull.es\/index.php?rest_route=\/wp\/v2\/posts"}],"about":[{"href":"https:\/\/ejimenez.webs.ull.es\/index.php?rest_route=\/wp\/v2\/types\/post"}],"author":[{"embeddable":true,"href":"https:\/\/ejimenez.webs.ull.es\/index.php?rest_route=\/wp\/v2\/users\/1"}],"replies":[{"embeddable":true,"href":"https:\/\/ejimenez.webs.ull.es\/index.php?rest_route=%2Fwp%2Fv2%2Fcomments&post=4246"}],"version-history":[{"count":1,"href":"https:\/\/ejimenez.webs.ull.es\/index.php?rest_route=\/wp\/v2\/posts\/4246\/revisions"}],"predecessor-version":[{"id":4532,"href":"https:\/\/ejimenez.webs.ull.es\/index.php?rest_route=\/wp\/v2\/posts\/4246\/revisions\/4532"}],"wp:attachment":[{"href":"https:\/\/ejimenez.webs.ull.es\/index.php?rest_route=%2Fwp%2Fv2%2Fmedia&parent=4246"}],"wp:term":[{"taxonomy":"category","embeddable":true,"href":"https:\/\/ejimenez.webs.ull.es\/index.php?rest_route=%2Fwp%2Fv2%2Fcategories&post=4246"},{"taxonomy":"post_tag","embeddable":true,"href":"https:\/\/ejimenez.webs.ull.es\/index.php?rest_route=%2Fwp%2Fv2%2Ftags&post=4246"}],"curies":[{"name":"wp","href":"https:\/\/api.w.org\/{rel}","templated":true}]}}