{"id":4248,"date":"2014-01-01T00:00:00","date_gmt":"2014-01-01T00:00:00","guid":{"rendered":"http:\/\/ejimenez.webs.ull.es\/?p=4248"},"modified":"2014-01-01T00:00:00","modified_gmt":"2014-01-01T00:00:00","slug":"definicion-prevencion-y-diagnostico-de-la-dificultad-de-aprendizaje-en-lectura-en-j-nicasio-coord-prevencion-en-dificultades-del-desarrollo-y-del-aprendizaje","status":"publish","type":"post","link":"https:\/\/ejimenez.webs.ull.es\/?p=4248","title":{"rendered":"Definici\u00f3n, prevenci\u00f3n y diagn\u00f3stico de la dificultad de aprendizaje en lectura. En J. Nicasio (Coord.). Prevenci\u00f3n en dificultades del desarrollo y del aprendizaje"},"content":{"rendered":"<p>Autores:  Rodr\u00edguez, C., y Jim\u00e9nez, J.E. (2014).<br \/>\nT\u00edtulo: Definici\u00f3n, prevenci\u00f3n y diagn\u00f3stico de la dificultad de aprendizaje en lectura. En J. Nicasio (Coord.). Prevenci\u00f3n en dificultades del desarrollo y del aprendizaje<br \/>\nEditorial: Pir\u00e1mide.<br \/>\nISBN: 978-84-368-3139-9<br \/>\nCLAVE: CL.<\/p>\n","protected":false},"excerpt":{"rendered":"<p>Autores: Rodr\u00edguez, C., y Jim\u00e9nez, J.E. (2014). T\u00edtulo: Definici\u00f3n, prevenci\u00f3n y diagn\u00f3stico de la dificultad de aprendizaje en lectura. En J. Nicasio (Coord.). Prevenci\u00f3n en dificultades del desarrollo y del aprendizaje Editorial: Pir\u00e1mide. ISBN: 978-84-368-3139-9 CLAVE: CL.<\/p>\n","protected":false},"author":1,"featured_media":0,"comment_status":"closed","ping_status":"closed","sticky":false,"template":"","format":"aside","meta":{"footnotes":""},"categories":[13,12],"tags":[],"_links":{"self":[{"href":"https:\/\/ejimenez.webs.ull.es\/index.php?rest_route=\/wp\/v2\/posts\/4248"}],"collection":[{"href":"https:\/\/ejimenez.webs.ull.es\/index.php?rest_route=\/wp\/v2\/posts"}],"about":[{"href":"https:\/\/ejimenez.webs.ull.es\/index.php?rest_route=\/wp\/v2\/types\/post"}],"author":[{"embeddable":true,"href":"https:\/\/ejimenez.webs.ull.es\/index.php?rest_route=\/wp\/v2\/users\/1"}],"replies":[{"embeddable":true,"href":"https:\/\/ejimenez.webs.ull.es\/index.php?rest_route=%2Fwp%2Fv2%2Fcomments&post=4248"}],"version-history":[{"count":0,"href":"https:\/\/ejimenez.webs.ull.es\/index.php?rest_route=\/wp\/v2\/posts\/4248\/revisions"}],"wp:attachment":[{"href":"https:\/\/ejimenez.webs.ull.es\/index.php?rest_route=%2Fwp%2Fv2%2Fmedia&parent=4248"}],"wp:term":[{"taxonomy":"category","embeddable":true,"href":"https:\/\/ejimenez.webs.ull.es\/index.php?rest_route=%2Fwp%2Fv2%2Fcategories&post=4248"},{"taxonomy":"post_tag","embeddable":true,"href":"https:\/\/ejimenez.webs.ull.es\/index.php?rest_route=%2Fwp%2Fv2%2Ftags&post=4248"}],"curies":[{"name":"wp","href":"https:\/\/api.w.org\/{rel}","templated":true}]}}