{"id":4274,"date":"2015-01-02T00:00:00","date_gmt":"2015-01-02T00:00:00","guid":{"rendered":"http:\/\/ejimenez.webs.ull.es\/?p=4274"},"modified":"2016-09-06T19:35:37","modified_gmt":"2016-09-06T19:35:37","slug":"adolescentes-pobres-lectores-evaluacion-de-procesos-cognoscitivos-basicos","status":"publish","type":"post","link":"https:\/\/ejimenez.webs.ull.es\/?p=4274","title":{"rendered":"Adolescentes pobres lectores: evaluaci\u00f3n de procesos cognoscitivos b\u00e1sicos"},"content":{"rendered":"<p>Autores: Flores, R.C., Jim\u00e9nez, J.E. y Garc\u00eda, E. (2015).<br \/>\nT\u00edtulo: Adolescentes pobres lectores: evaluaci\u00f3n de procesos cognoscitivos b\u00e1sicos<br \/>\nRef.Revista: Revista Electr\u00f3nica de Investigaci\u00f3n Educativa, 17, 34-47.<br \/>\nCLAVE: A.<br \/>\n<a href=\"http:\/\/ejimenez.webs.ull.es\/wp-content\/uploads\/Adolescentes-pobres-lectores_Evaluacion-de-procesos-cognoscitivos-basicos1.pdf\">See full article<\/a><\/p>\n","protected":false},"excerpt":{"rendered":"<p>Autores: Flores, R.C., Jim\u00e9nez, J.E. y Garc\u00eda, E. (2015). T\u00edtulo: Adolescentes pobres lectores: evaluaci\u00f3n de procesos cognoscitivos b\u00e1sicos Ref.Revista: Revista Electr\u00f3nica de Investigaci\u00f3n Educativa, 17, 34-47. CLAVE: A. See full article<\/p>\n","protected":false},"author":1,"featured_media":0,"comment_status":"closed","ping_status":"closed","sticky":false,"template":"","format":"aside","meta":{"footnotes":""},"categories":[15,12],"tags":[],"_links":{"self":[{"href":"https:\/\/ejimenez.webs.ull.es\/index.php?rest_route=\/wp\/v2\/posts\/4274"}],"collection":[{"href":"https:\/\/ejimenez.webs.ull.es\/index.php?rest_route=\/wp\/v2\/posts"}],"about":[{"href":"https:\/\/ejimenez.webs.ull.es\/index.php?rest_route=\/wp\/v2\/types\/post"}],"author":[{"embeddable":true,"href":"https:\/\/ejimenez.webs.ull.es\/index.php?rest_route=\/wp\/v2\/users\/1"}],"replies":[{"embeddable":true,"href":"https:\/\/ejimenez.webs.ull.es\/index.php?rest_route=%2Fwp%2Fv2%2Fcomments&post=4274"}],"version-history":[{"count":5,"href":"https:\/\/ejimenez.webs.ull.es\/index.php?rest_route=\/wp\/v2\/posts\/4274\/revisions"}],"predecessor-version":[{"id":5335,"href":"https:\/\/ejimenez.webs.ull.es\/index.php?rest_route=\/wp\/v2\/posts\/4274\/revisions\/5335"}],"wp:attachment":[{"href":"https:\/\/ejimenez.webs.ull.es\/index.php?rest_route=%2Fwp%2Fv2%2Fmedia&parent=4274"}],"wp:term":[{"taxonomy":"category","embeddable":true,"href":"https:\/\/ejimenez.webs.ull.es\/index.php?rest_route=%2Fwp%2Fv2%2Fcategories&post=4274"},{"taxonomy":"post_tag","embeddable":true,"href":"https:\/\/ejimenez.webs.ull.es\/index.php?rest_route=%2Fwp%2Fv2%2Ftags&post=4274"}],"curies":[{"name":"wp","href":"https:\/\/api.w.org\/{rel}","templated":true}]}}