{"id":4278,"date":"2015-01-04T00:00:00","date_gmt":"2015-01-04T00:00:00","guid":{"rendered":"http:\/\/ejimenez.webs.ull.es\/?p=4278"},"modified":"2016-09-01T12:09:26","modified_gmt":"2016-09-01T12:09:26","slug":"procesos-cognoscitivos-basicos-asociados-a-las-dificultades-en-comprension-lectora-de-alumnos-de","status":"publish","type":"post","link":"https:\/\/ejimenez.webs.ull.es\/?p=4278","title":{"rendered":"Procesos cognoscitivos b\u00e1sicos asociados a las dificultades en comprensi\u00f3n lectora de alumnos de"},"content":{"rendered":"<p>Autores:  Flores, R., Jim\u00e9nez, J.E., y Garc\u00eda, E. (2015)<br \/>\nT\u00edtulo: Procesos cognoscitivos b\u00e1sicos asociados a las dificultades en comprensi\u00f3n lectora de alumnos de<br \/>\nSecundaria<br \/>\nRef.Revista: Revista Mexicana de Investigaci\u00f3n Educativa, 20, 581-605.<br \/>\nISSN: 1405-6666<br \/>\nCLAVE: A.<br \/>\n<a href=\"http:\/\/ejimenez.webs.ull.es\/wp-content\/uploads\/PROCESOS-COGNOSCITIVOS-B\u00c1SICOS-ASOCIADOS-A-LAS-DIFICULTADES-EN-COMPRENSI\u00d3N-LECTORA-DE-ALUMNOS-DE-SEC.pdf\">See full article<\/a><\/p>\n","protected":false},"excerpt":{"rendered":"<p>Autores: Flores, R., Jim\u00e9nez, J.E., y Garc\u00eda, E. (2015) T\u00edtulo: Procesos cognoscitivos b\u00e1sicos asociados a las dificultades en comprensi\u00f3n lectora de alumnos de Secundaria Ref.Revista: Revista Mexicana de Investigaci\u00f3n Educativa, 20, 581-605. ISSN: 1405-6666 CLAVE: A. See full article<\/p>\n","protected":false},"author":1,"featured_media":0,"comment_status":"closed","ping_status":"closed","sticky":false,"template":"","format":"aside","meta":{"footnotes":""},"categories":[15,12],"tags":[],"_links":{"self":[{"href":"https:\/\/ejimenez.webs.ull.es\/index.php?rest_route=\/wp\/v2\/posts\/4278"}],"collection":[{"href":"https:\/\/ejimenez.webs.ull.es\/index.php?rest_route=\/wp\/v2\/posts"}],"about":[{"href":"https:\/\/ejimenez.webs.ull.es\/index.php?rest_route=\/wp\/v2\/types\/post"}],"author":[{"embeddable":true,"href":"https:\/\/ejimenez.webs.ull.es\/index.php?rest_route=\/wp\/v2\/users\/1"}],"replies":[{"embeddable":true,"href":"https:\/\/ejimenez.webs.ull.es\/index.php?rest_route=%2Fwp%2Fv2%2Fcomments&post=4278"}],"version-history":[{"count":5,"href":"https:\/\/ejimenez.webs.ull.es\/index.php?rest_route=\/wp\/v2\/posts\/4278\/revisions"}],"predecessor-version":[{"id":5305,"href":"https:\/\/ejimenez.webs.ull.es\/index.php?rest_route=\/wp\/v2\/posts\/4278\/revisions\/5305"}],"wp:attachment":[{"href":"https:\/\/ejimenez.webs.ull.es\/index.php?rest_route=%2Fwp%2Fv2%2Fmedia&parent=4278"}],"wp:term":[{"taxonomy":"category","embeddable":true,"href":"https:\/\/ejimenez.webs.ull.es\/index.php?rest_route=%2Fwp%2Fv2%2Fcategories&post=4278"},{"taxonomy":"post_tag","embeddable":true,"href":"https:\/\/ejimenez.webs.ull.es\/index.php?rest_route=%2Fwp%2Fv2%2Ftags&post=4278"}],"curies":[{"name":"wp","href":"https:\/\/api.w.org\/{rel}","templated":true}]}}