{"id":4287,"date":"2016-01-08T00:00:00","date_gmt":"2016-01-08T00:00:00","guid":{"rendered":"http:\/\/ejimenez.webs.ull.es\/?p=4287"},"modified":"2016-09-06T14:47:07","modified_gmt":"2016-09-06T14:47:07","slug":"the-internal-structure-and-development-of-spanish-speaking-primary-childrens-keyboarding-skills-in-children-with-and-without-ld-in-writing-2","status":"publish","type":"post","link":"https:\/\/ejimenez.webs.ull.es\/?p=4287","title":{"rendered":"The internal structure and development of Spanish-speaking primary children\u2019s keyboarding skills in children with and without LD in writing"},"content":{"rendered":"<p>Autores: Jim\u00e9nez, J.E. , Gonz\u00e1lez, D., &amp; Suarez, N. (2016)<br \/>\nT\u00edtulo: The internal structure and development of Spanish-speaking primary children\u2019s keyboarding skills in children with and without LD in writing<br \/>\nRef.Revista: Journal of Learning Disabilities<br \/>\ndoi: 10.1177\/0022219416633864<br \/>\nCLAVE: A.<\/p>\n","protected":false},"excerpt":{"rendered":"<p>Autores: Jim\u00e9nez, J.E. , Gonz\u00e1lez, D., &amp; Suarez, N. (2016) T\u00edtulo: The internal structure and development of Spanish-speaking primary children\u2019s keyboarding skills in children with and without LD in writing Ref.Revista: Journal of Learning Disabilities doi: 10.1177\/0022219416633864 CLAVE: A.<\/p>\n","protected":false},"author":1,"featured_media":0,"comment_status":"closed","ping_status":"closed","sticky":false,"template":"","format":"aside","meta":{"footnotes":""},"categories":[44,43],"tags":[],"_links":{"self":[{"href":"https:\/\/ejimenez.webs.ull.es\/index.php?rest_route=\/wp\/v2\/posts\/4287"}],"collection":[{"href":"https:\/\/ejimenez.webs.ull.es\/index.php?rest_route=\/wp\/v2\/posts"}],"about":[{"href":"https:\/\/ejimenez.webs.ull.es\/index.php?rest_route=\/wp\/v2\/types\/post"}],"author":[{"embeddable":true,"href":"https:\/\/ejimenez.webs.ull.es\/index.php?rest_route=\/wp\/v2\/users\/1"}],"replies":[{"embeddable":true,"href":"https:\/\/ejimenez.webs.ull.es\/index.php?rest_route=%2Fwp%2Fv2%2Fcomments&post=4287"}],"version-history":[{"count":3,"href":"https:\/\/ejimenez.webs.ull.es\/index.php?rest_route=\/wp\/v2\/posts\/4287\/revisions"}],"predecessor-version":[{"id":5310,"href":"https:\/\/ejimenez.webs.ull.es\/index.php?rest_route=\/wp\/v2\/posts\/4287\/revisions\/5310"}],"wp:attachment":[{"href":"https:\/\/ejimenez.webs.ull.es\/index.php?rest_route=%2Fwp%2Fv2%2Fmedia&parent=4287"}],"wp:term":[{"taxonomy":"category","embeddable":true,"href":"https:\/\/ejimenez.webs.ull.es\/index.php?rest_route=%2Fwp%2Fv2%2Fcategories&post=4287"},{"taxonomy":"post_tag","embeddable":true,"href":"https:\/\/ejimenez.webs.ull.es\/index.php?rest_route=%2Fwp%2Fv2%2Ftags&post=4287"}],"curies":[{"name":"wp","href":"https:\/\/api.w.org\/{rel}","templated":true}]}}