{"id":4297,"date":"2016-01-01T00:00:00","date_gmt":"2016-01-01T00:00:00","guid":{"rendered":"http:\/\/ejimenez.webs.ull.es\/?p=4297"},"modified":"2016-09-01T11:41:35","modified_gmt":"2016-09-01T11:41:35","slug":"desarrollo-de-la-conciencia-sintactica-y-fonologica-en-ninos-chilenos-un-estudio-transversal-2","status":"publish","type":"post","link":"https:\/\/ejimenez.webs.ull.es\/?p=4297","title":{"rendered":"Desarrollo de la conciencia sint\u00e1ctica y fonol\u00f3gica en ni\u00f1os chilenos: un estudio transversal"},"content":{"rendered":"<p>Autores: Mariangel, S., &amp; Jim\u00e9nez, J.E\u00a0 (2016).<br \/>\nT\u00edtulo: Desarrollo de la conciencia sint\u00e1ctica y fonol\u00f3gica en ni\u00f1os chilenos: un estudio transversal<br \/>\nRef.Revista: Revista Latinoamericana de Psicolog\u00eda, 48, 1-7.<br \/>\nDOI<a href=\"http:\/\/dx.doi.org\/10.1016\/j.rlp.2015.09.010\">:10.1016\/j.rlp.2015.09.010<\/a><br \/>\nCLAVE: A.<br \/>\n<a href=\"http:\/\/ejimenez.webs.ull.es\/wp-content\/uploads\/Desarrollo-de-la-conciencia-sint\u00e1ctica-y-fonologica-en-ni\u00f1os-chilenos.pdf\"> Ir al art\u00edculo <\/a><\/p>\n","protected":false},"excerpt":{"rendered":"<p>Autores: Mariangel, S., &amp; Jim\u00e9nez, J.E\u00a0 (2016). T\u00edtulo: Desarrollo de la conciencia sint\u00e1ctica y fonol\u00f3gica en ni\u00f1os chilenos: un estudio transversal Ref.Revista: Revista Latinoamericana de Psicolog\u00eda, 48, 1-7. DOI:10.1016\/j.rlp.2015.09.010 CLAVE: A. Ir al art\u00edculo<\/p>\n","protected":false},"author":1,"featured_media":0,"comment_status":"closed","ping_status":"closed","sticky":false,"template":"","format":"aside","meta":{"footnotes":""},"categories":[44,43],"tags":[],"_links":{"self":[{"href":"https:\/\/ejimenez.webs.ull.es\/index.php?rest_route=\/wp\/v2\/posts\/4297"}],"collection":[{"href":"https:\/\/ejimenez.webs.ull.es\/index.php?rest_route=\/wp\/v2\/posts"}],"about":[{"href":"https:\/\/ejimenez.webs.ull.es\/index.php?rest_route=\/wp\/v2\/types\/post"}],"author":[{"embeddable":true,"href":"https:\/\/ejimenez.webs.ull.es\/index.php?rest_route=\/wp\/v2\/users\/1"}],"replies":[{"embeddable":true,"href":"https:\/\/ejimenez.webs.ull.es\/index.php?rest_route=%2Fwp%2Fv2%2Fcomments&post=4297"}],"version-history":[{"count":4,"href":"https:\/\/ejimenez.webs.ull.es\/index.php?rest_route=\/wp\/v2\/posts\/4297\/revisions"}],"predecessor-version":[{"id":5297,"href":"https:\/\/ejimenez.webs.ull.es\/index.php?rest_route=\/wp\/v2\/posts\/4297\/revisions\/5297"}],"wp:attachment":[{"href":"https:\/\/ejimenez.webs.ull.es\/index.php?rest_route=%2Fwp%2Fv2%2Fmedia&parent=4297"}],"wp:term":[{"taxonomy":"category","embeddable":true,"href":"https:\/\/ejimenez.webs.ull.es\/index.php?rest_route=%2Fwp%2Fv2%2Fcategories&post=4297"},{"taxonomy":"post_tag","embeddable":true,"href":"https:\/\/ejimenez.webs.ull.es\/index.php?rest_route=%2Fwp%2Fv2%2Ftags&post=4297"}],"curies":[{"name":"wp","href":"https:\/\/api.w.org\/{rel}","templated":true}]}}