{"id":4301,"date":"1994-01-02T00:00:00","date_gmt":"1994-01-02T00:00:00","guid":{"rendered":"http:\/\/ejimenez.webs.ull.es\/?p=4301"},"modified":"1994-01-02T00:00:00","modified_gmt":"1994-01-02T00:00:00","slug":"conciencia-fonologica-y-conciencia-del-lenguaje-escrito-en-el-aprendizaje-de-la-lectura-2","status":"publish","type":"post","link":"https:\/\/ejimenez.webs.ull.es\/?p=4301","title":{"rendered":"Conciencia Fonol\u00f3gica y Conciencia del Lenguaje Escrito en el aprendizaje de la lectura"},"content":{"rendered":"<h4>T\u00edtulo:  Conciencia Fonol\u00f3gica y Conciencia del Lenguaje Escrito en el aprendizaje de la lectura<br \/>\n<\/h4>\n<p>Doctorando:  D\u00f1a. Mar\u00eda del Rosario Ortiz Gonz\u00e1lez.<br \/>\nUniversidad: La Laguna<br \/>\nFacultad\/Escuela:Psicolog\u00eda<br \/>\nA\u00f1o: 1994<br \/>\nCalificaci\u00f3n: Sobresaliente Cum Laude por unanimidad<\/p>\n","protected":false},"excerpt":{"rendered":"<p>T\u00edtulo: Conciencia Fonol\u00f3gica y Conciencia del Lenguaje Escrito en el aprendizaje de la lectura Doctorando: D\u00f1a. Mar\u00eda del Rosario Ortiz Gonz\u00e1lez. Universidad: La Laguna Facultad\/Escuela:Psicolog\u00eda A\u00f1o: 1994 Calificaci\u00f3n: Sobresaliente Cum Laude por unanimidad<\/p>\n","protected":false},"author":1,"featured_media":0,"comment_status":"closed","ping_status":"closed","sticky":false,"template":"","format":"aside","meta":{"footnotes":""},"categories":[810],"tags":[],"_links":{"self":[{"href":"https:\/\/ejimenez.webs.ull.es\/index.php?rest_route=\/wp\/v2\/posts\/4301"}],"collection":[{"href":"https:\/\/ejimenez.webs.ull.es\/index.php?rest_route=\/wp\/v2\/posts"}],"about":[{"href":"https:\/\/ejimenez.webs.ull.es\/index.php?rest_route=\/wp\/v2\/types\/post"}],"author":[{"embeddable":true,"href":"https:\/\/ejimenez.webs.ull.es\/index.php?rest_route=\/wp\/v2\/users\/1"}],"replies":[{"embeddable":true,"href":"https:\/\/ejimenez.webs.ull.es\/index.php?rest_route=%2Fwp%2Fv2%2Fcomments&post=4301"}],"version-history":[{"count":0,"href":"https:\/\/ejimenez.webs.ull.es\/index.php?rest_route=\/wp\/v2\/posts\/4301\/revisions"}],"wp:attachment":[{"href":"https:\/\/ejimenez.webs.ull.es\/index.php?rest_route=%2Fwp%2Fv2%2Fmedia&parent=4301"}],"wp:term":[{"taxonomy":"category","embeddable":true,"href":"https:\/\/ejimenez.webs.ull.es\/index.php?rest_route=%2Fwp%2Fv2%2Fcategories&post=4301"},{"taxonomy":"post_tag","embeddable":true,"href":"https:\/\/ejimenez.webs.ull.es\/index.php?rest_route=%2Fwp%2Fv2%2Ftags&post=4301"}],"curies":[{"name":"wp","href":"https:\/\/api.w.org\/{rel}","templated":true}]}}