{"id":4307,"date":"1997-01-03T00:00:00","date_gmt":"1997-01-03T00:00:00","guid":{"rendered":"http:\/\/ejimenez.webs.ull.es\/?p=4307"},"modified":"2015-09-03T08:38:10","modified_gmt":"2015-09-03T08:38:10","slug":"es-relevante-la-discrepancia-ci-rendimiento-en-el-diagnostico-de-las-da-en-aritmetica-2","status":"publish","type":"post","link":"https:\/\/ejimenez.webs.ull.es\/?p=4307","title":{"rendered":"\u00bf Es relevante la discrepancia CI-rendimiento en el diagn\u00f3stico de las DA en aritm\u00e9tica?"},"content":{"rendered":"<h4>T\u00edtulo:  \u00bf Es relevante la discrepancia CI-rendimiento en el diagn\u00f3stico de las DA en aritm\u00e9tica?<br \/>\n<\/h4>\n<p>Doctorando:  D\u00f1a. Ana Garc\u00eda Espinel.<br \/>\nDirector: DR. Juan E. Jim\u00e9nez<br \/>\nUniversidad: La Laguna<br \/>\nFacultad\/Escuela: Psicolog\u00eda<br \/>\nA\u00f1o: 1997<br \/>\nCalificaci\u00f3n: Sobresaliente Cum Laude por unanimidad<br \/>\n<a href=\"http:\/\/ejimenez.webs.ull.es\/wp-content\/uploads\/Es-relevante-la-discrepancia-Ci-rendimiento-en-el-diagn\u00f3stico-de-las-DA-en-aritm\u00e9tica.pdf\">Es relevante la discrepancia Ci-rendimiento en el diagn\u00f3stico de las DA en aritm\u00e9tica<\/a><\/p>\n","protected":false},"excerpt":{"rendered":"<p>T\u00edtulo: \u00bf Es relevante la discrepancia CI-rendimiento en el diagn\u00f3stico de las DA en aritm\u00e9tica? Doctorando: D\u00f1a. Ana Garc\u00eda Espinel. Director: DR. Juan E. Jim\u00e9nez Universidad: La Laguna Facultad\/Escuela: Psicolog\u00eda A\u00f1o: 1997 Calificaci\u00f3n: Sobresaliente Cum Laude por unanimidad Es relevante la discrepancia Ci-rendimiento en el diagn\u00f3stico de las DA en aritm\u00e9tica<\/p>\n","protected":false},"author":1,"featured_media":0,"comment_status":"closed","ping_status":"closed","sticky":false,"template":"","format":"aside","meta":{"footnotes":""},"categories":[810],"tags":[],"_links":{"self":[{"href":"https:\/\/ejimenez.webs.ull.es\/index.php?rest_route=\/wp\/v2\/posts\/4307"}],"collection":[{"href":"https:\/\/ejimenez.webs.ull.es\/index.php?rest_route=\/wp\/v2\/posts"}],"about":[{"href":"https:\/\/ejimenez.webs.ull.es\/index.php?rest_route=\/wp\/v2\/types\/post"}],"author":[{"embeddable":true,"href":"https:\/\/ejimenez.webs.ull.es\/index.php?rest_route=\/wp\/v2\/users\/1"}],"replies":[{"embeddable":true,"href":"https:\/\/ejimenez.webs.ull.es\/index.php?rest_route=%2Fwp%2Fv2%2Fcomments&post=4307"}],"version-history":[{"count":1,"href":"https:\/\/ejimenez.webs.ull.es\/index.php?rest_route=\/wp\/v2\/posts\/4307\/revisions"}],"predecessor-version":[{"id":4641,"href":"https:\/\/ejimenez.webs.ull.es\/index.php?rest_route=\/wp\/v2\/posts\/4307\/revisions\/4641"}],"wp:attachment":[{"href":"https:\/\/ejimenez.webs.ull.es\/index.php?rest_route=%2Fwp%2Fv2%2Fmedia&parent=4307"}],"wp:term":[{"taxonomy":"category","embeddable":true,"href":"https:\/\/ejimenez.webs.ull.es\/index.php?rest_route=%2Fwp%2Fv2%2Fcategories&post=4307"},{"taxonomy":"post_tag","embeddable":true,"href":"https:\/\/ejimenez.webs.ull.es\/index.php?rest_route=%2Fwp%2Fv2%2Ftags&post=4307"}],"curies":[{"name":"wp","href":"https:\/\/api.w.org\/{rel}","templated":true}]}}