{"id":4309,"date":"1999-01-01T00:00:00","date_gmt":"1999-01-01T00:00:00","guid":{"rendered":"http:\/\/ejimenez.webs.ull.es\/?p=4309"},"modified":"2015-09-03T08:41:47","modified_gmt":"2015-09-03T08:41:47","slug":"mediacion-fonologica-y-retraso-lector-contribuciones-a-la-hipotesis-retraso-evolutivo-vs-deficit-en-una-ortografia-transparente-2","status":"publish","type":"post","link":"https:\/\/ejimenez.webs.ull.es\/?p=4309","title":{"rendered":"Mediaci\u00f3n fonol\u00f3gica y retraso lector: Contribuciones a la hip\u00f3tesis retraso evolutivo vs. d\u00e9ficit en una ortograf\u00eda transparente."},"content":{"rendered":"<h4>T\u00edtulo:  Mediaci\u00f3n fonol\u00f3gica y retraso lector: Contribuciones a la hip\u00f3tesis retraso evolutivo vs. d\u00e9ficit en una ortograf\u00eda transparente.<br \/>\n<\/h4>\n<p>Doctorando:  D\u00f1a. Isabel Hern\u00e1ndez Valle<br \/>\nDirector: DR. Juan E. Jim\u00e9nez<br \/>\nUniversidad: La Laguna<br \/>\nFacultad\/Escuela: Psicolog\u00eda<br \/>\nA\u00f1o: 1999<br \/>\nCalificaci\u00f3n: Sobresaliente Cum Laude por unanimidad<br \/>\n<a href=\"http:\/\/ejimenez.webs.ull.es\/wp-content\/uploads\/Mediaci\u00f3n-fonol\u00f3gica-y-retraso-lector_contribuciones-a-la-hip\u00f3tesis-retraso-evolutivo-versus-d\u00e9ficit-en-una-ortograf\u00eda-transparente.pdf\">Mediaci\u00f3n fonol\u00f3gica y retraso lector_contribuciones a la hip\u00f3tesis retraso evolutivo versus d\u00e9ficit en una ortograf\u00eda transparente<\/a><\/p>\n","protected":false},"excerpt":{"rendered":"<p>T\u00edtulo: Mediaci\u00f3n fonol\u00f3gica y retraso lector: Contribuciones a la hip\u00f3tesis retraso evolutivo vs. d\u00e9ficit en una ortograf\u00eda transparente. Doctorando: D\u00f1a. Isabel Hern\u00e1ndez Valle Director: DR. Juan E. Jim\u00e9nez Universidad: La Laguna Facultad\/Escuela: Psicolog\u00eda A\u00f1o: 1999 Calificaci\u00f3n: Sobresaliente Cum Laude por unanimidad Mediaci\u00f3n fonol\u00f3gica y retraso lector_contribuciones a la hip\u00f3tesis retraso evolutivo versus d\u00e9ficit en una [&hellip;]<\/p>\n","protected":false},"author":1,"featured_media":0,"comment_status":"closed","ping_status":"closed","sticky":false,"template":"","format":"aside","meta":{"footnotes":""},"categories":[810],"tags":[],"_links":{"self":[{"href":"https:\/\/ejimenez.webs.ull.es\/index.php?rest_route=\/wp\/v2\/posts\/4309"}],"collection":[{"href":"https:\/\/ejimenez.webs.ull.es\/index.php?rest_route=\/wp\/v2\/posts"}],"about":[{"href":"https:\/\/ejimenez.webs.ull.es\/index.php?rest_route=\/wp\/v2\/types\/post"}],"author":[{"embeddable":true,"href":"https:\/\/ejimenez.webs.ull.es\/index.php?rest_route=\/wp\/v2\/users\/1"}],"replies":[{"embeddable":true,"href":"https:\/\/ejimenez.webs.ull.es\/index.php?rest_route=%2Fwp%2Fv2%2Fcomments&post=4309"}],"version-history":[{"count":1,"href":"https:\/\/ejimenez.webs.ull.es\/index.php?rest_route=\/wp\/v2\/posts\/4309\/revisions"}],"predecessor-version":[{"id":4650,"href":"https:\/\/ejimenez.webs.ull.es\/index.php?rest_route=\/wp\/v2\/posts\/4309\/revisions\/4650"}],"wp:attachment":[{"href":"https:\/\/ejimenez.webs.ull.es\/index.php?rest_route=%2Fwp%2Fv2%2Fmedia&parent=4309"}],"wp:term":[{"taxonomy":"category","embeddable":true,"href":"https:\/\/ejimenez.webs.ull.es\/index.php?rest_route=%2Fwp%2Fv2%2Fcategories&post=4309"},{"taxonomy":"post_tag","embeddable":true,"href":"https:\/\/ejimenez.webs.ull.es\/index.php?rest_route=%2Fwp%2Fv2%2Ftags&post=4309"}],"curies":[{"name":"wp","href":"https:\/\/api.w.org\/{rel}","templated":true}]}}