{"id":4311,"date":"2000-01-01T00:00:00","date_gmt":"2000-01-01T00:00:00","guid":{"rendered":"http:\/\/ejimenez.webs.ull.es\/?p=4311"},"modified":"2015-09-03T08:54:42","modified_gmt":"2015-09-03T08:54:42","slug":"efectos-de-la-ayuda-asistida-a-traves-del-ordenador-en-ninos-con-dificultades-de-aprendizaje-en-la-ortografia-2","status":"publish","type":"post","link":"https:\/\/ejimenez.webs.ull.es\/?p=4311","title":{"rendered":"Efectos de la ayuda asistida a trav\u00e9s del ordenador en ni\u00f1os con dificultades de aprendizaje en la ortograf\u00eda."},"content":{"rendered":"<h4>T\u00edtulo:  Efectos de la ayuda asistida a trav\u00e9s del ordenador en ni\u00f1os con dificultades de aprendizaje en la ortograf\u00eda.<br \/>\n<\/h4>\n<p>Doctorando:  D\u00f1a. Mercedes Mu\u00f1et\u00f3n Ayala.<br \/>\nDirector: DR. Juan E. Jim\u00e9nez<br \/>\nUniversidad: La Laguna<br \/>\nFacultad\/Escuela: Psicolog\u00eda<br \/>\nA\u00f1o: 2000<br \/>\nCalificaci\u00f3n: Sobresaliente Cum Laude por unanimidad<br \/>\n<a href=\"http:\/\/ejimenez.webs.ull.es\/wp-content\/uploads\/Efectos-de-la-evaluaci\u00f3n-asistida-a-trav\u00e9s-de-ordenador-en-ni\u00f1os-con-dificultades-de-aprendizaje.pdf\">Efectos de la evaluaci\u00f3n asistida a trav\u00e9s de ordenador en ni\u00f1os con dificultades de aprendizaje<\/a><\/p>\n","protected":false},"excerpt":{"rendered":"<p>T\u00edtulo: Efectos de la ayuda asistida a trav\u00e9s del ordenador en ni\u00f1os con dificultades de aprendizaje en la ortograf\u00eda. Doctorando: D\u00f1a. Mercedes Mu\u00f1et\u00f3n Ayala. Director: DR. Juan E. Jim\u00e9nez Universidad: La Laguna Facultad\/Escuela: Psicolog\u00eda A\u00f1o: 2000 Calificaci\u00f3n: Sobresaliente Cum Laude por unanimidad Efectos de la evaluaci\u00f3n asistida a trav\u00e9s de ordenador en ni\u00f1os con dificultades [&hellip;]<\/p>\n","protected":false},"author":1,"featured_media":0,"comment_status":"closed","ping_status":"closed","sticky":false,"template":"","format":"aside","meta":{"footnotes":""},"categories":[810],"tags":[],"_links":{"self":[{"href":"https:\/\/ejimenez.webs.ull.es\/index.php?rest_route=\/wp\/v2\/posts\/4311"}],"collection":[{"href":"https:\/\/ejimenez.webs.ull.es\/index.php?rest_route=\/wp\/v2\/posts"}],"about":[{"href":"https:\/\/ejimenez.webs.ull.es\/index.php?rest_route=\/wp\/v2\/types\/post"}],"author":[{"embeddable":true,"href":"https:\/\/ejimenez.webs.ull.es\/index.php?rest_route=\/wp\/v2\/users\/1"}],"replies":[{"embeddable":true,"href":"https:\/\/ejimenez.webs.ull.es\/index.php?rest_route=%2Fwp%2Fv2%2Fcomments&post=4311"}],"version-history":[{"count":1,"href":"https:\/\/ejimenez.webs.ull.es\/index.php?rest_route=\/wp\/v2\/posts\/4311\/revisions"}],"predecessor-version":[{"id":4675,"href":"https:\/\/ejimenez.webs.ull.es\/index.php?rest_route=\/wp\/v2\/posts\/4311\/revisions\/4675"}],"wp:attachment":[{"href":"https:\/\/ejimenez.webs.ull.es\/index.php?rest_route=%2Fwp%2Fv2%2Fmedia&parent=4311"}],"wp:term":[{"taxonomy":"category","embeddable":true,"href":"https:\/\/ejimenez.webs.ull.es\/index.php?rest_route=%2Fwp%2Fv2%2Fcategories&post=4311"},{"taxonomy":"post_tag","embeddable":true,"href":"https:\/\/ejimenez.webs.ull.es\/index.php?rest_route=%2Fwp%2Fv2%2Ftags&post=4311"}],"curies":[{"name":"wp","href":"https:\/\/api.w.org\/{rel}","templated":true}]}}