{"id":4313,"date":"2004-01-01T00:00:00","date_gmt":"2004-01-01T00:00:00","guid":{"rendered":"http:\/\/ejimenez.webs.ull.es\/?p=4313"},"modified":"2015-09-03T08:39:35","modified_gmt":"2015-09-03T08:39:35","slug":"evaluacion-de-procesos-cognitivos-en-la-dislexia-mediante-ayuda-asistida-a-traves-de-ordenador-2","status":"publish","type":"post","link":"https:\/\/ejimenez.webs.ull.es\/?p=4313","title":{"rendered":"Evaluaci\u00f3n de procesos cognitivos en la dislexia mediante ayuda asistida a trav\u00e9s de ordenador."},"content":{"rendered":"<h4>T\u00edtulo:  Evaluaci\u00f3n de procesos cognitivos en la dislexia mediante ayuda asistida a trav\u00e9s de ordenador.<br \/>\n<\/h4>\n<p>Doctorando:  D. Eduardo Garc\u00eda Miranda.<br \/>\nDirector: DR. Juan E. Jim\u00e9nez<br \/>\nUniversidad: La Laguna<br \/>\nFacultad\/Escuela: Psicolog\u00eda<br \/>\nA\u00f1o: 2004<br \/>\nCalificaci\u00f3n: Sobresaliente Cum Laude<br \/>\n<a href=\"http:\/\/ejimenez.webs.ull.es\/wp-content\/uploads\/Evaluaci\u00f3n-de-procesos-cognitivos-en-la-dislexia-mediante-ayuda-asistida-a-trav\u00e9s-de-ordenador.pdf\">Evaluaci\u00f3n de procesos cognitivos en la dislexia mediante ayuda asistida a trav\u00e9s de ordenador<\/a><\/p>\n","protected":false},"excerpt":{"rendered":"<p>T\u00edtulo: Evaluaci\u00f3n de procesos cognitivos en la dislexia mediante ayuda asistida a trav\u00e9s de ordenador. Doctorando: D. Eduardo Garc\u00eda Miranda. Director: DR. Juan E. Jim\u00e9nez Universidad: La Laguna Facultad\/Escuela: Psicolog\u00eda A\u00f1o: 2004 Calificaci\u00f3n: Sobresaliente Cum Laude Evaluaci\u00f3n de procesos cognitivos en la dislexia mediante ayuda asistida a trav\u00e9s de ordenador<\/p>\n","protected":false},"author":1,"featured_media":0,"comment_status":"closed","ping_status":"closed","sticky":false,"template":"","format":"aside","meta":{"footnotes":""},"categories":[810],"tags":[],"_links":{"self":[{"href":"https:\/\/ejimenez.webs.ull.es\/index.php?rest_route=\/wp\/v2\/posts\/4313"}],"collection":[{"href":"https:\/\/ejimenez.webs.ull.es\/index.php?rest_route=\/wp\/v2\/posts"}],"about":[{"href":"https:\/\/ejimenez.webs.ull.es\/index.php?rest_route=\/wp\/v2\/types\/post"}],"author":[{"embeddable":true,"href":"https:\/\/ejimenez.webs.ull.es\/index.php?rest_route=\/wp\/v2\/users\/1"}],"replies":[{"embeddable":true,"href":"https:\/\/ejimenez.webs.ull.es\/index.php?rest_route=%2Fwp%2Fv2%2Fcomments&post=4313"}],"version-history":[{"count":1,"href":"https:\/\/ejimenez.webs.ull.es\/index.php?rest_route=\/wp\/v2\/posts\/4313\/revisions"}],"predecessor-version":[{"id":4644,"href":"https:\/\/ejimenez.webs.ull.es\/index.php?rest_route=\/wp\/v2\/posts\/4313\/revisions\/4644"}],"wp:attachment":[{"href":"https:\/\/ejimenez.webs.ull.es\/index.php?rest_route=%2Fwp%2Fv2%2Fmedia&parent=4313"}],"wp:term":[{"taxonomy":"category","embeddable":true,"href":"https:\/\/ejimenez.webs.ull.es\/index.php?rest_route=%2Fwp%2Fv2%2Fcategories&post=4313"},{"taxonomy":"post_tag","embeddable":true,"href":"https:\/\/ejimenez.webs.ull.es\/index.php?rest_route=%2Fwp%2Fv2%2Ftags&post=4313"}],"curies":[{"name":"wp","href":"https:\/\/api.w.org\/{rel}","templated":true}]}}