{"id":4315,"date":"2006-01-01T00:00:00","date_gmt":"2006-01-01T00:00:00","guid":{"rendered":"http:\/\/ejimenez.webs.ull.es\/?p=4315"},"modified":"2015-09-03T08:35:58","modified_gmt":"2015-09-03T08:35:58","slug":"entrenamiento-de-las-habilidades-ortograficas-a-traves-de-ordenador-en-ninos-con-dificultades-de-aprendizaje-2","status":"publish","type":"post","link":"https:\/\/ejimenez.webs.ull.es\/?p=4315","title":{"rendered":"Entrenamiento de las habilidades ortogr\u00e1ficas a trav\u00e9s de ordenador en ni\u00f1os con dificultades de aprendizaje."},"content":{"rendered":"<h4>T\u00edtulo:  Entrenamiento de las habilidades ortogr\u00e1ficas a trav\u00e9s de ordenador en ni\u00f1os con dificultades de aprendizaje.<br \/>\n<\/h4>\n<p>Doctorando:  D\u00f1a. Mercedes Mu\u00f1et\u00f3n Ayala.<br \/>\nDirector: DR. Juan E. Jim\u00e9nez<br \/>\nUniversidad: La Laguna<br \/>\nFacultad\/Escuela: Psicolog\u00eda<br \/>\nA\u00f1o: 2006<br \/>\nCalificaci\u00f3n: Sobresaliente Cum Laude por unanimidad<br \/>\n<a href=\"http:\/\/ejimenez.webs.ull.es\/wp-content\/uploads\/Entrenamiento-en-habilidades-ortogr\u00e1ficas-a-trav\u00e9s-del-ordenador-en-ni\u00f1os-con-dificultades-de-aprendizaje.pdf\">Entrenamiento en habilidades ortogr\u00e1ficas a trav\u00e9s del ordenador en ni\u00f1os con dificultades de aprendizaje<\/a><\/p>\n","protected":false},"excerpt":{"rendered":"<p>T\u00edtulo: Entrenamiento de las habilidades ortogr\u00e1ficas a trav\u00e9s de ordenador en ni\u00f1os con dificultades de aprendizaje. Doctorando: D\u00f1a. Mercedes Mu\u00f1et\u00f3n Ayala. Director: DR. Juan E. Jim\u00e9nez Universidad: La Laguna Facultad\/Escuela: Psicolog\u00eda A\u00f1o: 2006 Calificaci\u00f3n: Sobresaliente Cum Laude por unanimidad Entrenamiento en habilidades ortogr\u00e1ficas a trav\u00e9s del ordenador en ni\u00f1os con dificultades de aprendizaje<\/p>\n","protected":false},"author":1,"featured_media":0,"comment_status":"closed","ping_status":"closed","sticky":false,"template":"","format":"aside","meta":{"footnotes":""},"categories":[810],"tags":[],"_links":{"self":[{"href":"https:\/\/ejimenez.webs.ull.es\/index.php?rest_route=\/wp\/v2\/posts\/4315"}],"collection":[{"href":"https:\/\/ejimenez.webs.ull.es\/index.php?rest_route=\/wp\/v2\/posts"}],"about":[{"href":"https:\/\/ejimenez.webs.ull.es\/index.php?rest_route=\/wp\/v2\/types\/post"}],"author":[{"embeddable":true,"href":"https:\/\/ejimenez.webs.ull.es\/index.php?rest_route=\/wp\/v2\/users\/1"}],"replies":[{"embeddable":true,"href":"https:\/\/ejimenez.webs.ull.es\/index.php?rest_route=%2Fwp%2Fv2%2Fcomments&post=4315"}],"version-history":[{"count":1,"href":"https:\/\/ejimenez.webs.ull.es\/index.php?rest_route=\/wp\/v2\/posts\/4315\/revisions"}],"predecessor-version":[{"id":4638,"href":"https:\/\/ejimenez.webs.ull.es\/index.php?rest_route=\/wp\/v2\/posts\/4315\/revisions\/4638"}],"wp:attachment":[{"href":"https:\/\/ejimenez.webs.ull.es\/index.php?rest_route=%2Fwp%2Fv2%2Fmedia&parent=4315"}],"wp:term":[{"taxonomy":"category","embeddable":true,"href":"https:\/\/ejimenez.webs.ull.es\/index.php?rest_route=%2Fwp%2Fv2%2Fcategories&post=4315"},{"taxonomy":"post_tag","embeddable":true,"href":"https:\/\/ejimenez.webs.ull.es\/index.php?rest_route=%2Fwp%2Fv2%2Ftags&post=4315"}],"curies":[{"name":"wp","href":"https:\/\/api.w.org\/{rel}","templated":true}]}}