{"id":4317,"date":"2007-01-01T00:00:00","date_gmt":"2007-01-01T00:00:00","guid":{"rendered":"http:\/\/ejimenez.webs.ull.es\/?p=4317"},"modified":"2015-09-03T08:46:18","modified_gmt":"2015-09-03T08:46:18","slug":"perfiles-cognitivos-y-academicos-de-adolescentes-con-dificultades-de-aprendizaje-con-y-sin-trastorno-por-deficit-de-atencion-asociado-a-hiperactividad-2","status":"publish","type":"post","link":"https:\/\/ejimenez.webs.ull.es\/?p=4317","title":{"rendered":"Perfiles cognitivos y acad\u00e9micos de adolescentes con dificultades de aprendizaje con y sin trastorno por d\u00e9ficit de atenci\u00f3n asociado a hiperactividad."},"content":{"rendered":"<h4>T\u00edtulo:  Perfiles cognitivos y acad\u00e9micos de adolescentes con dificultades de aprendizaje con y sin trastorno por d\u00e9ficit de atenci\u00f3n asociado a hiperactividad.<br \/>\n<\/h4>\n<p>Doctorando:  D\u00f1a. Alicia Diaz Megolla.<br \/>\nDirector: DR. Juan E. Jim\u00e9nez<br \/>\nUniversidad: La Laguna<br \/>\nFacultad\/Escuela: Psicolog\u00eda<br \/>\nA\u00f1o: 2007<br \/>\nCalificaci\u00f3n: Sobresaliente Cum Laude por unanimidad (Premio Extraordinario de Doctorado)<br \/>\n<a href=\"http:\/\/ejimenez.webs.ull.es\/wp-content\/uploads\/Perfiles-cognitivos-y-acad\u00e9micos-de-adolescentes-con-dificultades-de-aprendizaje-con-y-sin-trastorno-por-d\u00e9ficit-de-atenci\u00f3n-asociado-a-hiperactividad.pdf\">Perfiles cognitivos y acad\u00e9micos de adolescentes con dificultades de aprendizaje con y sin trastorno por d\u00e9ficit de atenci\u00f3n asociado a hiperactividad<\/a><\/p>\n","protected":false},"excerpt":{"rendered":"<p>T\u00edtulo: Perfiles cognitivos y acad\u00e9micos de adolescentes con dificultades de aprendizaje con y sin trastorno por d\u00e9ficit de atenci\u00f3n asociado a hiperactividad. Doctorando: D\u00f1a. Alicia Diaz Megolla. Director: DR. Juan E. Jim\u00e9nez Universidad: La Laguna Facultad\/Escuela: Psicolog\u00eda A\u00f1o: 2007 Calificaci\u00f3n: Sobresaliente Cum Laude por unanimidad (Premio Extraordinario de Doctorado) Perfiles cognitivos y acad\u00e9micos de adolescentes [&hellip;]<\/p>\n","protected":false},"author":1,"featured_media":0,"comment_status":"closed","ping_status":"closed","sticky":false,"template":"","format":"aside","meta":{"footnotes":""},"categories":[810],"tags":[],"_links":{"self":[{"href":"https:\/\/ejimenez.webs.ull.es\/index.php?rest_route=\/wp\/v2\/posts\/4317"}],"collection":[{"href":"https:\/\/ejimenez.webs.ull.es\/index.php?rest_route=\/wp\/v2\/posts"}],"about":[{"href":"https:\/\/ejimenez.webs.ull.es\/index.php?rest_route=\/wp\/v2\/types\/post"}],"author":[{"embeddable":true,"href":"https:\/\/ejimenez.webs.ull.es\/index.php?rest_route=\/wp\/v2\/users\/1"}],"replies":[{"embeddable":true,"href":"https:\/\/ejimenez.webs.ull.es\/index.php?rest_route=%2Fwp%2Fv2%2Fcomments&post=4317"}],"version-history":[{"count":1,"href":"https:\/\/ejimenez.webs.ull.es\/index.php?rest_route=\/wp\/v2\/posts\/4317\/revisions"}],"predecessor-version":[{"id":4661,"href":"https:\/\/ejimenez.webs.ull.es\/index.php?rest_route=\/wp\/v2\/posts\/4317\/revisions\/4661"}],"wp:attachment":[{"href":"https:\/\/ejimenez.webs.ull.es\/index.php?rest_route=%2Fwp%2Fv2%2Fmedia&parent=4317"}],"wp:term":[{"taxonomy":"category","embeddable":true,"href":"https:\/\/ejimenez.webs.ull.es\/index.php?rest_route=%2Fwp%2Fv2%2Fcategories&post=4317"},{"taxonomy":"post_tag","embeddable":true,"href":"https:\/\/ejimenez.webs.ull.es\/index.php?rest_route=%2Fwp%2Fv2%2Ftags&post=4317"}],"curies":[{"name":"wp","href":"https:\/\/api.w.org\/{rel}","templated":true}]}}