{"id":4323,"date":"2010-01-01T00:00:00","date_gmt":"2010-01-01T00:00:00","guid":{"rendered":"http:\/\/ejimenez.webs.ull.es\/?p=4323"},"modified":"2015-09-03T08:47:28","modified_gmt":"2015-09-03T08:47:28","slug":"un-modelo-explicativo-de-las-relaciones-entre-lectura-y-escritura-en-poblacion-hispano-parlante-2","status":"publish","type":"post","link":"https:\/\/ejimenez.webs.ull.es\/?p=4323","title":{"rendered":"Un modelo explicativo de las relaciones entre lectura y escritura en poblaci\u00f3n hispano parlante."},"content":{"rendered":"<h4>T\u00edtulo:  Un modelo explicativo de las relaciones entre lectura y escritura en poblaci\u00f3n hispano parlante.<br \/>\n<\/h4>\n<p> Doctorando:  D. Francisco Miguel P\u00e9rez Naranjo.<br \/>\nDirector: DR. Juan E. Jim\u00e9nez<br \/>\nCO-DIRECCI\u00d3N: Dr. D. Eduardo Garc\u00eda Miranda<br \/>\nUniversidad: La Laguna<br \/>\nFacultad\/Escuela: Psicolog\u00eda<br \/>\nA\u00f1o: 2010<br \/>\nCalificaci\u00f3n: Sobresaliente Cum Laude por unanimidad<br \/>\n<a href=\"http:\/\/ejimenez.webs.ull.es\/wp-content\/uploads\/Modelo-explicativo-de-las-relaciones-entre-lectura-y-escritura-en-poblaci\u00f3n-escolar-de-habla-hispana.pdf\">Modelo explicativo de las relaciones entre lectura y escritura en poblaci\u00f3n escolar de habla hispana<\/a><\/p>\n","protected":false},"excerpt":{"rendered":"<p>T\u00edtulo: Un modelo explicativo de las relaciones entre lectura y escritura en poblaci\u00f3n hispano parlante. Doctorando: D. Francisco Miguel P\u00e9rez Naranjo. Director: DR. Juan E. Jim\u00e9nez CO-DIRECCI\u00d3N: Dr. D. Eduardo Garc\u00eda Miranda Universidad: La Laguna Facultad\/Escuela: Psicolog\u00eda A\u00f1o: 2010 Calificaci\u00f3n: Sobresaliente Cum Laude por unanimidad Modelo explicativo de las relaciones entre lectura y escritura en [&hellip;]<\/p>\n","protected":false},"author":1,"featured_media":0,"comment_status":"closed","ping_status":"closed","sticky":false,"template":"","format":"aside","meta":{"footnotes":""},"categories":[810],"tags":[],"_links":{"self":[{"href":"https:\/\/ejimenez.webs.ull.es\/index.php?rest_route=\/wp\/v2\/posts\/4323"}],"collection":[{"href":"https:\/\/ejimenez.webs.ull.es\/index.php?rest_route=\/wp\/v2\/posts"}],"about":[{"href":"https:\/\/ejimenez.webs.ull.es\/index.php?rest_route=\/wp\/v2\/types\/post"}],"author":[{"embeddable":true,"href":"https:\/\/ejimenez.webs.ull.es\/index.php?rest_route=\/wp\/v2\/users\/1"}],"replies":[{"embeddable":true,"href":"https:\/\/ejimenez.webs.ull.es\/index.php?rest_route=%2Fwp%2Fv2%2Fcomments&post=4323"}],"version-history":[{"count":2,"href":"https:\/\/ejimenez.webs.ull.es\/index.php?rest_route=\/wp\/v2\/posts\/4323\/revisions"}],"predecessor-version":[{"id":4663,"href":"https:\/\/ejimenez.webs.ull.es\/index.php?rest_route=\/wp\/v2\/posts\/4323\/revisions\/4663"}],"wp:attachment":[{"href":"https:\/\/ejimenez.webs.ull.es\/index.php?rest_route=%2Fwp%2Fv2%2Fmedia&parent=4323"}],"wp:term":[{"taxonomy":"category","embeddable":true,"href":"https:\/\/ejimenez.webs.ull.es\/index.php?rest_route=%2Fwp%2Fv2%2Fcategories&post=4323"},{"taxonomy":"post_tag","embeddable":true,"href":"https:\/\/ejimenez.webs.ull.es\/index.php?rest_route=%2Fwp%2Fv2%2Ftags&post=4323"}],"curies":[{"name":"wp","href":"https:\/\/api.w.org\/{rel}","templated":true}]}}