{"id":4325,"date":"2012-01-01T00:00:00","date_gmt":"2012-01-01T00:00:00","guid":{"rendered":"http:\/\/ejimenez.webs.ull.es\/?p=4325"},"modified":"2015-09-03T08:49:23","modified_gmt":"2015-09-03T08:49:23","slug":"prevalencia-e-indicadores-cognitivos-culturales-y-familiares-de-la-dislexia-en-adolescentes-2","status":"publish","type":"post","link":"https:\/\/ejimenez.webs.ull.es\/?p=4325","title":{"rendered":"Prevalencia e indicadores cognitivos, culturales y familiares de la dislexia en adolescentes."},"content":{"rendered":"<h4>T\u00edtulo:  Prevalencia e indicadores cognitivos, culturales y familiares de la dislexia en adolescentes.<br \/>\n<\/h4>\n<p>Doctorando:  D\u00f1a. Desir\u00e9e Gonz\u00e1lez Mart\u00edn.<br \/>\nDirector: DR. Juan E. Jim\u00e9nez<br \/>\nCO-DIRECCI\u00d3N: Dr. D. Eduardo Garc\u00eda Miranda<br \/>\nUniversidad: La Laguna<br \/>\nFacultad\/Escuela: Psicolog\u00eda<br \/>\nA\u00f1o: 2012<br \/>\nCalificaci\u00f3n: (Apto \u201cCUM LAUDE\u201d)<br \/>\n<a href=\"http:\/\/ejimenez.webs.ull.es\/wp-content\/uploads\/Prevalencia-e-indicadores-cognitivos-y-familiares-de-la-dislexia-en-adolescentes.pdf\">Prevalencia e indicadores cognitivos y familiares de la dislexia en adolescentes<\/a><\/p>\n","protected":false},"excerpt":{"rendered":"<p>T\u00edtulo: Prevalencia e indicadores cognitivos, culturales y familiares de la dislexia en adolescentes. Doctorando: D\u00f1a. Desir\u00e9e Gonz\u00e1lez Mart\u00edn. Director: DR. Juan E. Jim\u00e9nez CO-DIRECCI\u00d3N: Dr. D. Eduardo Garc\u00eda Miranda Universidad: La Laguna Facultad\/Escuela: Psicolog\u00eda A\u00f1o: 2012 Calificaci\u00f3n: (Apto \u201cCUM LAUDE\u201d) Prevalencia e indicadores cognitivos y familiares de la dislexia en adolescentes<\/p>\n","protected":false},"author":1,"featured_media":0,"comment_status":"closed","ping_status":"closed","sticky":false,"template":"","format":"aside","meta":{"footnotes":""},"categories":[810],"tags":[],"_links":{"self":[{"href":"https:\/\/ejimenez.webs.ull.es\/index.php?rest_route=\/wp\/v2\/posts\/4325"}],"collection":[{"href":"https:\/\/ejimenez.webs.ull.es\/index.php?rest_route=\/wp\/v2\/posts"}],"about":[{"href":"https:\/\/ejimenez.webs.ull.es\/index.php?rest_route=\/wp\/v2\/types\/post"}],"author":[{"embeddable":true,"href":"https:\/\/ejimenez.webs.ull.es\/index.php?rest_route=\/wp\/v2\/users\/1"}],"replies":[{"embeddable":true,"href":"https:\/\/ejimenez.webs.ull.es\/index.php?rest_route=%2Fwp%2Fv2%2Fcomments&post=4325"}],"version-history":[{"count":1,"href":"https:\/\/ejimenez.webs.ull.es\/index.php?rest_route=\/wp\/v2\/posts\/4325\/revisions"}],"predecessor-version":[{"id":4666,"href":"https:\/\/ejimenez.webs.ull.es\/index.php?rest_route=\/wp\/v2\/posts\/4325\/revisions\/4666"}],"wp:attachment":[{"href":"https:\/\/ejimenez.webs.ull.es\/index.php?rest_route=%2Fwp%2Fv2%2Fmedia&parent=4325"}],"wp:term":[{"taxonomy":"category","embeddable":true,"href":"https:\/\/ejimenez.webs.ull.es\/index.php?rest_route=%2Fwp%2Fv2%2Fcategories&post=4325"},{"taxonomy":"post_tag","embeddable":true,"href":"https:\/\/ejimenez.webs.ull.es\/index.php?rest_route=%2Fwp%2Fv2%2Ftags&post=4325"}],"curies":[{"name":"wp","href":"https:\/\/api.w.org\/{rel}","templated":true}]}}