{"id":4327,"date":"2012-01-02T00:00:00","date_gmt":"2012-01-02T00:00:00","guid":{"rendered":"http:\/\/ejimenez.webs.ull.es\/?p=4327"},"modified":"2015-09-03T08:50:59","modified_gmt":"2015-09-03T08:50:59","slug":"procesos-cognitivos-y-de-lectura-en-ninos-normolectores-y-dislexicos-guatemaltecos-un-estudio-transversal-2","status":"publish","type":"post","link":"https:\/\/ejimenez.webs.ull.es\/?p=4327","title":{"rendered":"Procesos cognitivos y de lectura en ni\u00f1os normolectores y disl\u00e9xicos guatemaltecos: un estudio transversal."},"content":{"rendered":"<h4>T\u00edtulo:  Procesos cognitivos y de lectura en ni\u00f1os normolectores y disl\u00e9xicos guatemaltecos: un estudio transversal.<br \/>\n<\/h4>\n<p>Doctorando:  D\u00f1a. Claudia Garc\u00eda de la Cadena<br \/>\nDirector: DR. Juan E. Jim\u00e9nez<br \/>\nCO-DIRECCI\u00d3N: Dra. D\u00f1a. Cristina Rodr\u00edguez Rodr\u00edguez<br \/>\nUniversidad: La Laguna<br \/>\nFacultad\/Escuela: Psicolog\u00eda<br \/>\nA\u00f1o: 2012<br \/>\nCalificaci\u00f3n: (Apto \u201cCUM LAUDE\u201d)<br \/>\n<a href=\"http:\/\/ejimenez.webs.ull.es\/wp-content\/uploads\/Procesos-cognitivos-y-de-lectura-en-ni\u00f1os-nomolectores-y-disl\u00e9xicos-guatemaltecos_un-estudio-transversal.pdf\">Procesos cognitivos y de lectura en ni\u00f1os nomolectores y disl\u00e9xicos guatemaltecos_un estudio transversal<\/a><\/p>\n","protected":false},"excerpt":{"rendered":"<p>T\u00edtulo: Procesos cognitivos y de lectura en ni\u00f1os normolectores y disl\u00e9xicos guatemaltecos: un estudio transversal. Doctorando: D\u00f1a. Claudia Garc\u00eda de la Cadena Director: DR. Juan E. Jim\u00e9nez CO-DIRECCI\u00d3N: Dra. D\u00f1a. Cristina Rodr\u00edguez Rodr\u00edguez Universidad: La Laguna Facultad\/Escuela: Psicolog\u00eda A\u00f1o: 2012 Calificaci\u00f3n: (Apto \u201cCUM LAUDE\u201d) Procesos cognitivos y de lectura en ni\u00f1os nomolectores y disl\u00e9xicos guatemaltecos_un [&hellip;]<\/p>\n","protected":false},"author":1,"featured_media":0,"comment_status":"closed","ping_status":"closed","sticky":false,"template":"","format":"aside","meta":{"footnotes":""},"categories":[810],"tags":[],"_links":{"self":[{"href":"https:\/\/ejimenez.webs.ull.es\/index.php?rest_route=\/wp\/v2\/posts\/4327"}],"collection":[{"href":"https:\/\/ejimenez.webs.ull.es\/index.php?rest_route=\/wp\/v2\/posts"}],"about":[{"href":"https:\/\/ejimenez.webs.ull.es\/index.php?rest_route=\/wp\/v2\/types\/post"}],"author":[{"embeddable":true,"href":"https:\/\/ejimenez.webs.ull.es\/index.php?rest_route=\/wp\/v2\/users\/1"}],"replies":[{"embeddable":true,"href":"https:\/\/ejimenez.webs.ull.es\/index.php?rest_route=%2Fwp%2Fv2%2Fcomments&post=4327"}],"version-history":[{"count":1,"href":"https:\/\/ejimenez.webs.ull.es\/index.php?rest_route=\/wp\/v2\/posts\/4327\/revisions"}],"predecessor-version":[{"id":4669,"href":"https:\/\/ejimenez.webs.ull.es\/index.php?rest_route=\/wp\/v2\/posts\/4327\/revisions\/4669"}],"wp:attachment":[{"href":"https:\/\/ejimenez.webs.ull.es\/index.php?rest_route=%2Fwp%2Fv2%2Fmedia&parent=4327"}],"wp:term":[{"taxonomy":"category","embeddable":true,"href":"https:\/\/ejimenez.webs.ull.es\/index.php?rest_route=%2Fwp%2Fv2%2Fcategories&post=4327"},{"taxonomy":"post_tag","embeddable":true,"href":"https:\/\/ejimenez.webs.ull.es\/index.php?rest_route=%2Fwp%2Fv2%2Ftags&post=4327"}],"curies":[{"name":"wp","href":"https:\/\/api.w.org\/{rel}","templated":true}]}}