{"id":4329,"date":"2014-01-01T00:00:00","date_gmt":"2014-01-01T00:00:00","guid":{"rendered":"http:\/\/ejimenez.webs.ull.es\/?p=4329"},"modified":"2015-09-26T11:12:59","modified_gmt":"2015-09-26T11:12:59","slug":"abilita-di-apprendimento-di-lettura-e-scrittura-in-bambini-in-eta-prescolare-e-predittori-di-rischio-risk-predictors-and-learning-skills-in-reading-and-writing-in-italian-pre-school-age-children-2","status":"publish","type":"post","link":"https:\/\/ejimenez.webs.ull.es\/?p=4329","title":{"rendered":"Abilit\u00e1 di apprendimento di lettura e scrittura in bambini in et\u00e1 prescolare e predittori di rischio [Risk predictors and learning skills in reading and writing in Italian pre-school-age children]."},"content":{"rendered":"<h4>T\u00edtulo: Abilit\u00e1 di apprendimento di lettura e scrittura in bambini in et\u00e1 prescolare e predittori di rischio [Risk predictors and learning skills in reading and writing in Italian pre-school-age children].<\/h4>\n<p>Doctorando: D\u00f1a. Lidia Scifo<br \/>\nDirectores: Dra. Annamaria Pepi y Dr. Juan E Jim\u00e9nez<br \/>\nUniversidad: Universidad de Palermo<br \/>\nFacultad\/Escuela: Psicolog\u00eda<br \/>\nA\u00f1o: 2014<br \/>\nCalificaci\u00f3n: Sobresaliente cum laude\/Menci\u00f3n Internacional.<br \/>\n<a href=\"http:\/\/ejimenez.webs.ull.es\/wp-content\/uploads\/Abilit\u00e1-di-apprendimento-di-lettura-e-scrittura-in-bambini-i-et\u00e1-prescolare-e-predittori-di-rischio.pdf\">Abilit\u00e1 di apprendimento di lettura e scrittura in bambini i et\u00e1 prescolare e predittori di rischio<\/a><\/p>\n","protected":false},"excerpt":{"rendered":"<p>T\u00edtulo: Abilit\u00e1 di apprendimento di lettura e scrittura in bambini in et\u00e1 prescolare e predittori di rischio [Risk predictors and learning skills in reading and writing in Italian pre-school-age children]. Doctorando: D\u00f1a. Lidia Scifo Directores: Dra. Annamaria Pepi y Dr. Juan E Jim\u00e9nez Universidad: Universidad de Palermo Facultad\/Escuela: Psicolog\u00eda A\u00f1o: 2014 Calificaci\u00f3n: Sobresaliente cum laude\/Menci\u00f3n [&hellip;]<\/p>\n","protected":false},"author":1,"featured_media":0,"comment_status":"closed","ping_status":"closed","sticky":false,"template":"","format":"aside","meta":{"footnotes":""},"categories":[810],"tags":[],"_links":{"self":[{"href":"https:\/\/ejimenez.webs.ull.es\/index.php?rest_route=\/wp\/v2\/posts\/4329"}],"collection":[{"href":"https:\/\/ejimenez.webs.ull.es\/index.php?rest_route=\/wp\/v2\/posts"}],"about":[{"href":"https:\/\/ejimenez.webs.ull.es\/index.php?rest_route=\/wp\/v2\/types\/post"}],"author":[{"embeddable":true,"href":"https:\/\/ejimenez.webs.ull.es\/index.php?rest_route=\/wp\/v2\/users\/1"}],"replies":[{"embeddable":true,"href":"https:\/\/ejimenez.webs.ull.es\/index.php?rest_route=%2Fwp%2Fv2%2Fcomments&post=4329"}],"version-history":[{"count":2,"href":"https:\/\/ejimenez.webs.ull.es\/index.php?rest_route=\/wp\/v2\/posts\/4329\/revisions"}],"predecessor-version":[{"id":5209,"href":"https:\/\/ejimenez.webs.ull.es\/index.php?rest_route=\/wp\/v2\/posts\/4329\/revisions\/5209"}],"wp:attachment":[{"href":"https:\/\/ejimenez.webs.ull.es\/index.php?rest_route=%2Fwp%2Fv2%2Fmedia&parent=4329"}],"wp:term":[{"taxonomy":"category","embeddable":true,"href":"https:\/\/ejimenez.webs.ull.es\/index.php?rest_route=%2Fwp%2Fv2%2Fcategories&post=4329"},{"taxonomy":"post_tag","embeddable":true,"href":"https:\/\/ejimenez.webs.ull.es\/index.php?rest_route=%2Fwp%2Fv2%2Ftags&post=4329"}],"curies":[{"name":"wp","href":"https:\/\/api.w.org\/{rel}","templated":true}]}}