{"id":4333,"date":"2014-01-03T00:00:00","date_gmt":"2014-01-03T00:00:00","guid":{"rendered":"http:\/\/ejimenez.webs.ull.es\/?p=4333"},"modified":"2014-01-03T00:00:00","modified_gmt":"2014-01-03T00:00:00","slug":"prevalencia-y-situacion-escolar-del-alumnado-que-presenta-indicadores-del-trastorno-por-deficit-de-atencion-con-o-sin-hiperactividad-tdah-en-la-comunidad-autonoma-de-canarias-2","status":"publish","type":"post","link":"https:\/\/ejimenez.webs.ull.es\/?p=4333","title":{"rendered":"Prevalencia y situaci\u00f3n escolar del alumnado que presenta indicadores del  trastorno por d\u00e9ficit de atenci\u00f3n con o sin hiperactividad (TDAH) en la Comunidad Aut\u00f3noma de Canarias."},"content":{"rendered":"<h4>T\u00edtulo:  Prevalencia y situaci\u00f3n escolar del alumnado que presenta indicadores del  trastorno por d\u00e9ficit de atenci\u00f3n con o sin hiperactividad (TDAH) en la Comunidad Aut\u00f3noma de Canarias.<br \/>\n<\/h4>\n<p>Doctorando:  D. Miguel Afonso.<br \/>\nDirector: DR. Juan E. Jim\u00e9nez<br \/>\nCO-DIRECCI\u00d3N: Dr. Ceferino Artiles.<br \/>\nCO-DIRECCI\u00d3N: Dra. D\u00f1a. Cristina Rodr\u00edguez<br \/>\nUniversidad: La Laguna<br \/>\nFacultad\/Escuela: Psicolog\u00eda<br \/>\nA\u00f1o: 2014<br \/>\nCalificaci\u00f3n: (\u201cApto\u201d CUM LAUDE) <\/p>\n","protected":false},"excerpt":{"rendered":"<p>T\u00edtulo: Prevalencia y situaci\u00f3n escolar del alumnado que presenta indicadores del trastorno por d\u00e9ficit de atenci\u00f3n con o sin hiperactividad (TDAH) en la Comunidad Aut\u00f3noma de Canarias. Doctorando: D. Miguel Afonso. Director: DR. Juan E. Jim\u00e9nez CO-DIRECCI\u00d3N: Dr. Ceferino Artiles. CO-DIRECCI\u00d3N: Dra. D\u00f1a. Cristina Rodr\u00edguez Universidad: La Laguna Facultad\/Escuela: Psicolog\u00eda A\u00f1o: 2014 Calificaci\u00f3n: (\u201cApto\u201d CUM [&hellip;]<\/p>\n","protected":false},"author":1,"featured_media":0,"comment_status":"closed","ping_status":"closed","sticky":false,"template":"","format":"aside","meta":{"footnotes":""},"categories":[810],"tags":[],"_links":{"self":[{"href":"https:\/\/ejimenez.webs.ull.es\/index.php?rest_route=\/wp\/v2\/posts\/4333"}],"collection":[{"href":"https:\/\/ejimenez.webs.ull.es\/index.php?rest_route=\/wp\/v2\/posts"}],"about":[{"href":"https:\/\/ejimenez.webs.ull.es\/index.php?rest_route=\/wp\/v2\/types\/post"}],"author":[{"embeddable":true,"href":"https:\/\/ejimenez.webs.ull.es\/index.php?rest_route=\/wp\/v2\/users\/1"}],"replies":[{"embeddable":true,"href":"https:\/\/ejimenez.webs.ull.es\/index.php?rest_route=%2Fwp%2Fv2%2Fcomments&post=4333"}],"version-history":[{"count":0,"href":"https:\/\/ejimenez.webs.ull.es\/index.php?rest_route=\/wp\/v2\/posts\/4333\/revisions"}],"wp:attachment":[{"href":"https:\/\/ejimenez.webs.ull.es\/index.php?rest_route=%2Fwp%2Fv2%2Fmedia&parent=4333"}],"wp:term":[{"taxonomy":"category","embeddable":true,"href":"https:\/\/ejimenez.webs.ull.es\/index.php?rest_route=%2Fwp%2Fv2%2Fcategories&post=4333"},{"taxonomy":"post_tag","embeddable":true,"href":"https:\/\/ejimenez.webs.ull.es\/index.php?rest_route=%2Fwp%2Fv2%2Ftags&post=4333"}],"curies":[{"name":"wp","href":"https:\/\/api.w.org\/{rel}","templated":true}]}}