{"id":4337,"date":"2015-01-02T00:00:00","date_gmt":"2015-01-02T00:00:00","guid":{"rendered":"http:\/\/ejimenez.webs.ull.es\/?p=4337"},"modified":"2015-09-26T11:03:31","modified_gmt":"2015-09-26T11:03:31","slug":"dificultades-especificas-de-aprendizaje-en-matematicas-subtipos-e-indicadores-cognitivos-y-familiares-2","status":"publish","type":"post","link":"https:\/\/ejimenez.webs.ull.es\/?p=4337","title":{"rendered":"Dificultades espec\u00edficas de aprendizaje en matem\u00e1ticas: subtipos e indicadores cognitivos y familiares."},"content":{"rendered":"<h4>T\u00edtulo: Dificultades espec\u00edficas de aprendizaje en matem\u00e1ticas: subtipos e indicadores cognitivos y familiares.<\/h4>\n<p>Doctorando: D. Christian Peake<br \/>\nDirector: Dr. Juan E. Jim\u00e9nez<br \/>\nCo-direcci\u00f3n: Dra. D\u00f1a. Cristina Rodr\u00edguez Rodr\u00edguez<br \/>\nUniversidad: La Laguna<br \/>\nFacultad\/Escuela: Psicolog\u00eda<br \/>\nA\u00f1o: 2015<br \/>\nCalificaci\u00f3n:\u00a0Sobresaliente cum laude\/Menci\u00f3n Internacional.<\/p>\n","protected":false},"excerpt":{"rendered":"<p>T\u00edtulo: Dificultades espec\u00edficas de aprendizaje en matem\u00e1ticas: subtipos e indicadores cognitivos y familiares. Doctorando: D. Christian Peake Director: Dr. Juan E. Jim\u00e9nez Co-direcci\u00f3n: Dra. D\u00f1a. Cristina Rodr\u00edguez Rodr\u00edguez Universidad: La Laguna Facultad\/Escuela: Psicolog\u00eda A\u00f1o: 2015 Calificaci\u00f3n:\u00a0Sobresaliente cum laude\/Menci\u00f3n Internacional.<\/p>\n","protected":false},"author":1,"featured_media":0,"comment_status":"closed","ping_status":"closed","sticky":false,"template":"","format":"aside","meta":{"footnotes":""},"categories":[810],"tags":[],"_links":{"self":[{"href":"https:\/\/ejimenez.webs.ull.es\/index.php?rest_route=\/wp\/v2\/posts\/4337"}],"collection":[{"href":"https:\/\/ejimenez.webs.ull.es\/index.php?rest_route=\/wp\/v2\/posts"}],"about":[{"href":"https:\/\/ejimenez.webs.ull.es\/index.php?rest_route=\/wp\/v2\/types\/post"}],"author":[{"embeddable":true,"href":"https:\/\/ejimenez.webs.ull.es\/index.php?rest_route=\/wp\/v2\/users\/1"}],"replies":[{"embeddable":true,"href":"https:\/\/ejimenez.webs.ull.es\/index.php?rest_route=%2Fwp%2Fv2%2Fcomments&post=4337"}],"version-history":[{"count":2,"href":"https:\/\/ejimenez.webs.ull.es\/index.php?rest_route=\/wp\/v2\/posts\/4337\/revisions"}],"predecessor-version":[{"id":5204,"href":"https:\/\/ejimenez.webs.ull.es\/index.php?rest_route=\/wp\/v2\/posts\/4337\/revisions\/5204"}],"wp:attachment":[{"href":"https:\/\/ejimenez.webs.ull.es\/index.php?rest_route=%2Fwp%2Fv2%2Fmedia&parent=4337"}],"wp:term":[{"taxonomy":"category","embeddable":true,"href":"https:\/\/ejimenez.webs.ull.es\/index.php?rest_route=%2Fwp%2Fv2%2Fcategories&post=4337"},{"taxonomy":"post_tag","embeddable":true,"href":"https:\/\/ejimenez.webs.ull.es\/index.php?rest_route=%2Fwp%2Fv2%2Ftags&post=4337"}],"curies":[{"name":"wp","href":"https:\/\/api.w.org\/{rel}","templated":true}]}}