{"id":5266,"date":"2015-06-01T23:06:04","date_gmt":"2015-06-01T23:06:04","guid":{"rendered":"http:\/\/ejimenez.webs.ull.es\/?p=5266"},"modified":"2015-11-14T10:08:28","modified_gmt":"2015-11-14T10:08:28","slug":"patricia-crespo-2","status":"publish","type":"post","link":"https:\/\/ejimenez.webs.ull.es\/?p=5266","title":{"rendered":"Patricia Crespo Alberto"},"content":{"rendered":"<p><img loading=\"lazy\" decoding=\"async\" class=\"alignleft wp-image-5246 size-thumbnail\" src=\"http:\/\/ejimenez.webs.ull.es\/wp-content\/uploads\/Pachi1-150x150.png\" alt=\"Pachi\" width=\"150\" height=\"150\" \/><\/p>\n<p>Doctora en Psicolog\u00eda por la Universidad de La Laguna.\u00a0 El tema central de sus investigaciones es el Modelo de Respuesta a la Intervenci\u00f3n y c\u00f3mo este funciona con poblaci\u00f3n de habla hispana.\u00a0 Su inter\u00e9s por el Modelo la llev\u00f3 hasta el Center on Teaching and Learning en la Universidad de Oregon, en el que realiz\u00f3 dos estancias consecutivas.\u00a0 Tambi\u00e9n realiz\u00f3 una estancia en la Universidad de Amsterdam. Debido a su inter\u00e9s por la intervenci\u00f3n precoz, actualmente trabaja con ni\u00f1os con dificultades\u00a0 de aprendizaje y adem\u00e1s investiga sobre las habilidades sociales y emocionales con poblaci\u00f3n infantil.<\/p>\n","protected":false},"excerpt":{"rendered":"<p>Doctora en Psicolog\u00eda por la Universidad de La Laguna.\u00a0 El tema central de sus investigaciones es el Modelo de Respuesta a la Intervenci\u00f3n y c\u00f3mo este funciona con poblaci\u00f3n de habla hispana.\u00a0 Su inter\u00e9s por el Modelo la llev\u00f3 hasta el Center on Teaching and Learning en la Universidad de Oregon, en el que realiz\u00f3 [&hellip;]<\/p>\n","protected":false},"author":1,"featured_media":0,"comment_status":"closed","ping_status":"closed","sticky":false,"template":"","format":"standard","meta":{"footnotes":""},"categories":[40],"tags":[],"_links":{"self":[{"href":"https:\/\/ejimenez.webs.ull.es\/index.php?rest_route=\/wp\/v2\/posts\/5266"}],"collection":[{"href":"https:\/\/ejimenez.webs.ull.es\/index.php?rest_route=\/wp\/v2\/posts"}],"about":[{"href":"https:\/\/ejimenez.webs.ull.es\/index.php?rest_route=\/wp\/v2\/types\/post"}],"author":[{"embeddable":true,"href":"https:\/\/ejimenez.webs.ull.es\/index.php?rest_route=\/wp\/v2\/users\/1"}],"replies":[{"embeddable":true,"href":"https:\/\/ejimenez.webs.ull.es\/index.php?rest_route=%2Fwp%2Fv2%2Fcomments&post=5266"}],"version-history":[{"count":2,"href":"https:\/\/ejimenez.webs.ull.es\/index.php?rest_route=\/wp\/v2\/posts\/5266\/revisions"}],"predecessor-version":[{"id":5272,"href":"https:\/\/ejimenez.webs.ull.es\/index.php?rest_route=\/wp\/v2\/posts\/5266\/revisions\/5272"}],"wp:attachment":[{"href":"https:\/\/ejimenez.webs.ull.es\/index.php?rest_route=%2Fwp%2Fv2%2Fmedia&parent=5266"}],"wp:term":[{"taxonomy":"category","embeddable":true,"href":"https:\/\/ejimenez.webs.ull.es\/index.php?rest_route=%2Fwp%2Fv2%2Fcategories&post=5266"},{"taxonomy":"post_tag","embeddable":true,"href":"https:\/\/ejimenez.webs.ull.es\/index.php?rest_route=%2Fwp%2Fv2%2Ftags&post=5266"}],"curies":[{"name":"wp","href":"https:\/\/api.w.org\/{rel}","templated":true}]}}