{"id":5274,"date":"2015-06-01T23:07:23","date_gmt":"2015-06-01T23:07:23","guid":{"rendered":"http:\/\/ejimenez.webs.ull.es\/?p=5274"},"modified":"2015-11-14T10:10:15","modified_gmt":"2015-11-14T10:10:15","slug":"alicia-diaz-megolla-2","status":"publish","type":"post","link":"https:\/\/ejimenez.webs.ull.es\/?p=5274","title":{"rendered":"Alicia D\u00edaz Megolla"},"content":{"rendered":"<p><img loading=\"lazy\" decoding=\"async\" class=\"alignleft wp-image-5270 size-thumbnail\" src=\"http:\/\/ejimenez.webs.ull.es\/wp-content\/uploads\/Foto_Alicia-Diaz-Megolla-150x150.jpg\" alt=\"Foto_Alicia Diaz Megolla\" width=\"150\" height=\"150\" \/><\/p>\n<p>Profesora del Departamento de Educaci\u00f3n de la Universidad de Las Palmas de Gran Canaria desde 2011 donde imparte actualmente docencia sobre Sistemas Alternativos de Comunicaci\u00f3n y Dificultades de Aprendizaje en los grados de Educaci\u00f3n Infantil y Educaci\u00f3n Primaria. En 2007 obtuvo el grado de doctor y el premio extraordinario de doctorado. Sus principales \u00e1reas de investigaci\u00f3n se centran en el Trastorno por D\u00e9ficit de Atenci\u00f3n con\/sin Hiperactividad, en las Dificultades Espec\u00edficas de Aprendizaje en ni\u00f1os y adolescentes, y en el desarrollo de aplicaciones tecnol\u00f3gicas para la evaluaci\u00f3n e instrucci\u00f3n de las Dificultades Espec\u00edficas de Aprendizaje, donde cuenta con distintas publicaciones nacionales e internacionales.<\/p>\n","protected":false},"excerpt":{"rendered":"<p>Profesora del Departamento de Educaci\u00f3n de la Universidad de Las Palmas de Gran Canaria desde 2011 donde imparte actualmente docencia sobre Sistemas Alternativos de Comunicaci\u00f3n y Dificultades de Aprendizaje en los grados de Educaci\u00f3n Infantil y Educaci\u00f3n Primaria. En 2007 obtuvo el grado de doctor y el premio extraordinario de doctorado. Sus principales \u00e1reas de [&hellip;]<\/p>\n","protected":false},"author":1,"featured_media":0,"comment_status":"closed","ping_status":"closed","sticky":false,"template":"","format":"standard","meta":{"footnotes":""},"categories":[40],"tags":[],"_links":{"self":[{"href":"https:\/\/ejimenez.webs.ull.es\/index.php?rest_route=\/wp\/v2\/posts\/5274"}],"collection":[{"href":"https:\/\/ejimenez.webs.ull.es\/index.php?rest_route=\/wp\/v2\/posts"}],"about":[{"href":"https:\/\/ejimenez.webs.ull.es\/index.php?rest_route=\/wp\/v2\/types\/post"}],"author":[{"embeddable":true,"href":"https:\/\/ejimenez.webs.ull.es\/index.php?rest_route=\/wp\/v2\/users\/1"}],"replies":[{"embeddable":true,"href":"https:\/\/ejimenez.webs.ull.es\/index.php?rest_route=%2Fwp%2Fv2%2Fcomments&post=5274"}],"version-history":[{"count":1,"href":"https:\/\/ejimenez.webs.ull.es\/index.php?rest_route=\/wp\/v2\/posts\/5274\/revisions"}],"predecessor-version":[{"id":5275,"href":"https:\/\/ejimenez.webs.ull.es\/index.php?rest_route=\/wp\/v2\/posts\/5274\/revisions\/5275"}],"wp:attachment":[{"href":"https:\/\/ejimenez.webs.ull.es\/index.php?rest_route=%2Fwp%2Fv2%2Fmedia&parent=5274"}],"wp:term":[{"taxonomy":"category","embeddable":true,"href":"https:\/\/ejimenez.webs.ull.es\/index.php?rest_route=%2Fwp%2Fv2%2Fcategories&post=5274"},{"taxonomy":"post_tag","embeddable":true,"href":"https:\/\/ejimenez.webs.ull.es\/index.php?rest_route=%2Fwp%2Fv2%2Ftags&post=5274"}],"curies":[{"name":"wp","href":"https:\/\/api.w.org\/{rel}","templated":true}]}}