{"id":5384,"date":"2016-11-12T22:55:15","date_gmt":"2016-11-12T22:55:15","guid":{"rendered":"http:\/\/ejimenez.webs.ull.es\/?p=5384"},"modified":"2016-11-12T22:58:16","modified_gmt":"2016-11-12T22:58:16","slug":"comorbilidad-entre-el-trastorno-por-deficit-de-atencion-e-hiperactividad-y-la-dislexia-en-adolescentes-las-funciones-ejecutivas-como-endofenotipo","status":"publish","type":"post","link":"https:\/\/ejimenez.webs.ull.es\/?p=5384","title":{"rendered":"Comorbilidad entre el trastorno por d\u00e9ficit de atenci\u00f3n e hiperactividad y la dislexia en adolescentes: las funciones ejecutivas como endofenotipo"},"content":{"rendered":"<h4>T\u00edtulo: Comorbilidad entre el trastorno por d\u00e9ficit de atenci\u00f3n e hiperactividad y la dislexia en adolescentes: las funciones ejecutivas como endofenotipo.<\/h4>\n<p>Doctorando: D\u00f1a. Raquel Mart\u00edn Gonz\u00e1lez.<br \/>\nDirector: Dr.\u00a0Sergio Hern\u00e1ndez Exp\u00f3sito.<br \/>\nCodirector: Dr. D. Juan E. Jim\u00e9nez<br \/>\nUniversidad: La Laguna<br \/>\nFacultad\/Escuela: Psicolog\u00eda<br \/>\nA\u00f1o: 2016<br \/>\nCalificaci\u00f3n: Sobresaliente Cum Laude<\/p>\n","protected":false},"excerpt":{"rendered":"<p>T\u00edtulo: Comorbilidad entre el trastorno por d\u00e9ficit de atenci\u00f3n e hiperactividad y la dislexia en adolescentes: las funciones ejecutivas como endofenotipo. Doctorando: D\u00f1a. Raquel Mart\u00edn Gonz\u00e1lez. Director: Dr.\u00a0Sergio Hern\u00e1ndez Exp\u00f3sito. Codirector: Dr. D. Juan E. Jim\u00e9nez Universidad: La Laguna Facultad\/Escuela: Psicolog\u00eda A\u00f1o: 2016 Calificaci\u00f3n: Sobresaliente Cum Laude<\/p>\n","protected":false},"author":1,"featured_media":0,"comment_status":"closed","ping_status":"closed","sticky":false,"template":"","format":"aside","meta":{"footnotes":""},"categories":[810],"tags":[],"_links":{"self":[{"href":"https:\/\/ejimenez.webs.ull.es\/index.php?rest_route=\/wp\/v2\/posts\/5384"}],"collection":[{"href":"https:\/\/ejimenez.webs.ull.es\/index.php?rest_route=\/wp\/v2\/posts"}],"about":[{"href":"https:\/\/ejimenez.webs.ull.es\/index.php?rest_route=\/wp\/v2\/types\/post"}],"author":[{"embeddable":true,"href":"https:\/\/ejimenez.webs.ull.es\/index.php?rest_route=\/wp\/v2\/users\/1"}],"replies":[{"embeddable":true,"href":"https:\/\/ejimenez.webs.ull.es\/index.php?rest_route=%2Fwp%2Fv2%2Fcomments&post=5384"}],"version-history":[{"count":1,"href":"https:\/\/ejimenez.webs.ull.es\/index.php?rest_route=\/wp\/v2\/posts\/5384\/revisions"}],"predecessor-version":[{"id":5385,"href":"https:\/\/ejimenez.webs.ull.es\/index.php?rest_route=\/wp\/v2\/posts\/5384\/revisions\/5385"}],"wp:attachment":[{"href":"https:\/\/ejimenez.webs.ull.es\/index.php?rest_route=%2Fwp%2Fv2%2Fmedia&parent=5384"}],"wp:term":[{"taxonomy":"category","embeddable":true,"href":"https:\/\/ejimenez.webs.ull.es\/index.php?rest_route=%2Fwp%2Fv2%2Fcategories&post=5384"},{"taxonomy":"post_tag","embeddable":true,"href":"https:\/\/ejimenez.webs.ull.es\/index.php?rest_route=%2Fwp%2Fv2%2Ftags&post=5384"}],"curies":[{"name":"wp","href":"https:\/\/api.w.org\/{rel}","templated":true}]}}