{"id":5399,"date":"2017-01-01T10:30:06","date_gmt":"2017-01-01T10:30:06","guid":{"rendered":"http:\/\/ejimenez.webs.ull.es\/?p=5399"},"modified":"2017-02-14T17:35:37","modified_gmt":"2017-02-14T17:35:37","slug":"utilizan-las-reglas-ortograficas-los-ninos-con-y-sin-dificultades-de-aprendizaje-en-la-escritura-de-palabras","status":"publish","type":"post","link":"https:\/\/ejimenez.webs.ull.es\/?p=5399","title":{"rendered":"\u00bfUtilizan las reglas ortogr\u00e1ficas los ni\u00f1os con y sin dificultades de aprendizaje en la escritura de palabras?"},"content":{"rendered":"<p>Autores: Jim\u00e9nez, J.E. y  Jim\u00e9nez-Su\u00e1rez, Y. (2017).<br \/>\nT\u00edtulo: \u00bfUtilizan las reglas ortogr\u00e1ficas los ni\u00f1os con y sin dificultades de aprendizaje en la escritura de palabras?<br \/>\nRef.Revista: Estudios de Psicolog\u00eda.<br \/>\nCLAVE: A.<\/p>\n","protected":false},"excerpt":{"rendered":"<p>Autores: Jim\u00e9nez, J.E. y Jim\u00e9nez-Su\u00e1rez, Y. (2017). T\u00edtulo: \u00bfUtilizan las reglas ortogr\u00e1ficas los ni\u00f1os con y sin dificultades de aprendizaje en la escritura de palabras? Ref.Revista: Estudios de Psicolog\u00eda. CLAVE: A.<\/p>\n","protected":false},"author":1,"featured_media":0,"comment_status":"closed","ping_status":"closed","sticky":false,"template":"","format":"aside","meta":{"footnotes":""},"categories":[15,12],"tags":[],"_links":{"self":[{"href":"https:\/\/ejimenez.webs.ull.es\/index.php?rest_route=\/wp\/v2\/posts\/5399"}],"collection":[{"href":"https:\/\/ejimenez.webs.ull.es\/index.php?rest_route=\/wp\/v2\/posts"}],"about":[{"href":"https:\/\/ejimenez.webs.ull.es\/index.php?rest_route=\/wp\/v2\/types\/post"}],"author":[{"embeddable":true,"href":"https:\/\/ejimenez.webs.ull.es\/index.php?rest_route=\/wp\/v2\/users\/1"}],"replies":[{"embeddable":true,"href":"https:\/\/ejimenez.webs.ull.es\/index.php?rest_route=%2Fwp%2Fv2%2Fcomments&post=5399"}],"version-history":[{"count":1,"href":"https:\/\/ejimenez.webs.ull.es\/index.php?rest_route=\/wp\/v2\/posts\/5399\/revisions"}],"predecessor-version":[{"id":5400,"href":"https:\/\/ejimenez.webs.ull.es\/index.php?rest_route=\/wp\/v2\/posts\/5399\/revisions\/5400"}],"wp:attachment":[{"href":"https:\/\/ejimenez.webs.ull.es\/index.php?rest_route=%2Fwp%2Fv2%2Fmedia&parent=5399"}],"wp:term":[{"taxonomy":"category","embeddable":true,"href":"https:\/\/ejimenez.webs.ull.es\/index.php?rest_route=%2Fwp%2Fv2%2Fcategories&post=5399"},{"taxonomy":"post_tag","embeddable":true,"href":"https:\/\/ejimenez.webs.ull.es\/index.php?rest_route=%2Fwp%2Fv2%2Ftags&post=5399"}],"curies":[{"name":"wp","href":"https:\/\/api.w.org\/{rel}","templated":true}]}}