{"id":865,"date":"2015-05-31T18:33:21","date_gmt":"2015-05-31T18:33:21","guid":{"rendered":"http:\/\/localhost\/ejimenez-page-wp\/?p=865"},"modified":"2015-06-07T12:24:48","modified_gmt":"2015-06-07T12:24:48","slug":"egwa-2","status":"publish","type":"post","link":"https:\/\/ejimenez.webs.ull.es\/?p=865","title":{"rendered":"EGWA"},"content":{"rendered":"<p><img loading=\"lazy\" decoding=\"async\" class=\"alignleft size-full wp-image-863\" src=\"http:\/\/ejimenez.webs.ull.es\/wp-content\/uploads\/EGWA.jpg\" alt=\"EGWA\" width=\"369\" height=\"246\" srcset=\"https:\/\/ejimenez.webs.ull.es\/wp-content\/uploads\/EGWA.jpg 369w, https:\/\/ejimenez.webs.ull.es\/wp-content\/uploads\/EGWA-300x200.jpg 300w\" sizes=\"(max-width: 369px) 100vw, 369px\" \/><\/p>\n<h4><\/h4>\n<h4><em>SEMINARIO INTERNACIONAL SOBRE FORMATIVE ASSESSMENT OF WRITING IN EARLY GRADES (La Laguna, Palacio Lercaro, 19-20 Enero, 2012)<\/em><\/h4>\n<p>La UNESCO ha encomendado al catedr\u00e1tico del Departamento de Psicolog\u00eda Evolutiva y de la Educaci\u00f3n de la Universidad de La Laguna Juan E. Jim\u00e9nez la elaboraci\u00f3n de un proyecto de evaluaci\u00f3n formativa de la escritura en los primeros niveles educativos (EGWA, Early Grade Writing Assessment). Tras la fase de investigaci\u00f3n, un plantel de expertos internacionales se ha reunido en un seminario cient\u00edfico en la Casa Lercaro de La Laguna para evaluar y hacer propuestas al proyecto presentado por el docente de la ULL.<\/p>\n<p><!--more--><\/p>\n<p><a class=\"btn btn-sm\" href=\"http:\/\/unesdoc.unesco.org\/images\/0022\/002209\/220903E.pdf\" target=\"_blank\">Acceder al recurso<\/a><\/p>\n<p>En el acto inaugural estuvieron presentes la vicerrectora de Investigaci\u00f3n y Transferencia de Conocimiento de la ULL, Catalina Ruiz; el representante de la UNESCO Subbarau Ilapavuluri; el director general de Universidades del Gobierno de Canarias, Carlos Guiti\u00e1n; el concejal de Presidencia, Planificaci\u00f3n, Vivienda y Universidad del Ayuntamiento de La Laguna, Antonio P\u00e9rez Godi\u00f1o; la vicerrectora de Cultura y Deportes de la Universidad de Las Palmas de Gran Canaria, Isabel Pascua; y el propio coordinador del proyecto.\u2028\u2028El protocolo habitual de actuaci\u00f3n de la UNESCO con todos los proyectos que promueve es que su responsable lo presente ante un panel de expertos internacionales para analizarlo en profundidad. En este caso, los especialistas provienen de universidades e instituciones de Argentina, Brasil, Canad\u00e1, Chile, Estados Unidos, la Federaci\u00f3n Rusa, Francia, Italia y Sud\u00e1frica.\u2028\u2028Una vez finalizado este seminario, en los pr\u00f3ximos meses se comenz\u00f3 a implantar de manera experimental el programa en algunos centros de Educaci\u00f3n Primaria de la comunidad aut\u00f3noma de Canarias para realizar su pilotaje y, de este modo, determinar su efectividad y posibilidades de implantaci\u00f3n real.<\/p>\n<p><img loading=\"lazy\" decoding=\"async\" class=\"alignleft size-full wp-image-1023\" src=\"http:\/\/ejimenez.webs.ull.es\/wp-content\/uploads\/ewfads0.jpg\" alt=\"ewfads0\" width=\"369\" height=\"246\" srcset=\"https:\/\/ejimenez.webs.ull.es\/wp-content\/uploads\/ewfads0.jpg 369w, https:\/\/ejimenez.webs.ull.es\/wp-content\/uploads\/ewfads0-300x200.jpg 300w\" sizes=\"(max-width: 369px) 100vw, 369px\" \/><\/p>\n<p><iframe loading=\"lazy\" src=\"https:\/\/player.vimeo.com\/video\/35317069\" width=\"500\" height=\"281\" frameborder=\"0\" webkitallowfullscreen mozallowfullscreen allowfullscreen><\/iframe><\/p>\n<h4><em>DIA INTERNACIONAL DE LA ALFABETIZATION 2014 ORGANIZACI\u00d3N DE LAS NACIONES UNIDAS PARA LA EDUCACION, LA CIENCIA Y LA CULTURA (UNESCO, Par\u00eds, 9-10 Septiembre, 2014)<\/em><\/h4>\n<p>El pasado 8 de septiembre se celebr\u00f3 a propuesta de la UNESCO el D\u00eda Internacional de la Alfabetizaci\u00f3n, para promover este conocimiento esencial en los pa\u00edses en los que a\u00fan no se da de manera extensiva, y mejorarlo en los estados m\u00e1s desarrollados. Por ello, el organismo internacional organiz\u00f3 los d\u00edas 9 y 10 de septiembre unas jornadas en su sede de Par\u00eds, en las que participaron representantes de pol\u00edtica educativa de varios pa\u00edses, e investigadores relacionados con el aprendizaje, uno de los cuales fue el catedr\u00e1tico de Psicolog\u00eda Evolutiva y de la Educaci\u00f3n de la Universidad de La Laguna Juan E. Jim\u00e9nez.<\/p>\n<p>El encuentro consisti\u00f3 en una mesa redonda donde se abordaron en diferentes sesiones tem\u00e1ticas cuestiones relacionadas con el concepto de alfabetizaci\u00f3n: qu\u00e9 habilidades debe \u00e9sta contemplar en el siglo XXI, qu\u00e9 avances la pueden fomentar, o c\u00f3mo reforzarla y asegurar su sostenibilidad, entre otras materias. En ellas participaron principalmente representantes de administraciones educativas de 16 pa\u00edses con sistemas formativos precarios, y de 30 organizaciones internacionales relacionadas con el aprendizaje y el desarrollo.<\/p>\n<p>Juan E. Jim\u00e9nez fue uno de los tres expertos internacionales que participaron en las sesiones, adem\u00e1s de los representantes mencionados anteriormente. Los otros investigadores invitados fueron Alfonso Lizarzaburu, consultor internacional en asuntos de educaci\u00f3n adscrito a la UNESCO, y Daniel Wagner, profesor de Educaci\u00f3n en la Universidad de Pennsylvania.<\/p>\n<p>El catedr\u00e1tico de la ULL acudi\u00f3 en calidad de responsable del programa \u201cEvaluaci\u00f3n Formativa de la Escritura en los Primeros Grados de la Educaci\u00f3n Primaria\u201d, coordinado entre la instituci\u00f3n acad\u00e9mica y la propia UNESCO, y que fue presentado en la Casa Lercaro de La Laguna en enero de 2012. Jim\u00e9nez present\u00f3 los avances y resultados que se han producido en este proceso de pilotaje, evaluaci\u00f3n y medici\u00f3n de las habilidades tempranas en el aprendizaje de la escritura, del cual emanar\u00e1n directrices de actuaci\u00f3n para los profesores, y que podr\u00eda ser aplicable en otros sistemas educativos con las debidas adaptaciones.<\/p>\n<p>En el encuentro de Par\u00eds se entregaron, adem\u00e1s, varios premios a iniciativas de alfabetizaci\u00f3n internacionales, que recayeron en proyectos de Chad, India, Bangladesh, Costa de Marfil, Namibia y Colombia. En la reuni\u00f3n tambi\u00e9n se acord\u00f3 crear una coalici\u00f3n internacional para asegurar una mejora de las iniciativas que permitan, por un lado, reducir las tasas de analfabetismo en el mundo y, por otro, mejorar la calidad del aprendizaje en los pa\u00edses desarrollados, pues \u00e9sta a\u00fan no alcanza las cotas esperadas.<\/p>\n<p><img loading=\"lazy\" decoding=\"async\" class=\"alignleft size-full wp-image-1020\" src=\"http:\/\/ejimenez.webs.ull.es\/wp-content\/uploads\/ewfads3.jpg\" alt=\"ewfads3\" width=\"425\" height=\"239\" srcset=\"https:\/\/ejimenez.webs.ull.es\/wp-content\/uploads\/ewfads3.jpg 425w, https:\/\/ejimenez.webs.ull.es\/wp-content\/uploads\/ewfads3-300x169.jpg 300w\" sizes=\"(max-width: 425px) 100vw, 425px\" \/><br \/>\n&nbsp;<br \/>\n<img loading=\"lazy\" decoding=\"async\" class=\"alignleft size-full wp-image-1019\" src=\"http:\/\/ejimenez.webs.ull.es\/wp-content\/uploads\/ewfads2.jpg\" alt=\"ewfads2\" width=\"425\" height=\"239\" srcset=\"https:\/\/ejimenez.webs.ull.es\/wp-content\/uploads\/ewfads2.jpg 425w, https:\/\/ejimenez.webs.ull.es\/wp-content\/uploads\/ewfads2-300x169.jpg 300w\" sizes=\"(max-width: 425px) 100vw, 425px\" \/><br \/>\n&nbsp;<br \/>\n<img loading=\"lazy\" decoding=\"async\" class=\"alignleft size-full wp-image-1018\" src=\"http:\/\/ejimenez.webs.ull.es\/wp-content\/uploads\/ewfads.jpg\" alt=\"ewfads\" width=\"425\" height=\"239\" srcset=\"https:\/\/ejimenez.webs.ull.es\/wp-content\/uploads\/ewfads.jpg 425w, https:\/\/ejimenez.webs.ull.es\/wp-content\/uploads\/ewfads-300x169.jpg 300w\" sizes=\"(max-width: 425px) 100vw, 425px\" \/><\/p>\n","protected":false},"excerpt":{"rendered":"<p>SEMINARIO INTERNACIONAL SOBRE FORMATIVE ASSESSMENT OF WRITING IN EARLY GRADES (La Laguna, Palacio Lercaro, 19-20 Enero, 2012) La UNESCO ha encomendado al catedr\u00e1tico del Departamento de Psicolog\u00eda Evolutiva y de la Educaci\u00f3n de la Universidad de La Laguna Juan E. Jim\u00e9nez la elaboraci\u00f3n de un proyecto de evaluaci\u00f3n formativa de la escritura en los primeros [&hellip;]<\/p>\n","protected":false},"author":1,"featured_media":0,"comment_status":"closed","ping_status":"closed","sticky":false,"template":"","format":"standard","meta":{"footnotes":""},"categories":[36],"tags":[],"_links":{"self":[{"href":"https:\/\/ejimenez.webs.ull.es\/index.php?rest_route=\/wp\/v2\/posts\/865"}],"collection":[{"href":"https:\/\/ejimenez.webs.ull.es\/index.php?rest_route=\/wp\/v2\/posts"}],"about":[{"href":"https:\/\/ejimenez.webs.ull.es\/index.php?rest_route=\/wp\/v2\/types\/post"}],"author":[{"embeddable":true,"href":"https:\/\/ejimenez.webs.ull.es\/index.php?rest_route=\/wp\/v2\/users\/1"}],"replies":[{"embeddable":true,"href":"https:\/\/ejimenez.webs.ull.es\/index.php?rest_route=%2Fwp%2Fv2%2Fcomments&post=865"}],"version-history":[{"count":8,"href":"https:\/\/ejimenez.webs.ull.es\/index.php?rest_route=\/wp\/v2\/posts\/865\/revisions"}],"predecessor-version":[{"id":1026,"href":"https:\/\/ejimenez.webs.ull.es\/index.php?rest_route=\/wp\/v2\/posts\/865\/revisions\/1026"}],"wp:attachment":[{"href":"https:\/\/ejimenez.webs.ull.es\/index.php?rest_route=%2Fwp%2Fv2%2Fmedia&parent=865"}],"wp:term":[{"taxonomy":"category","embeddable":true,"href":"https:\/\/ejimenez.webs.ull.es\/index.php?rest_route=%2Fwp%2Fv2%2Fcategories&post=865"},{"taxonomy":"post_tag","embeddable":true,"href":"https:\/\/ejimenez.webs.ull.es\/index.php?rest_route=%2Fwp%2Fv2%2Ftags&post=865"}],"curies":[{"name":"wp","href":"https:\/\/api.w.org\/{rel}","templated":true}]}}