{"id":884,"date":"2015-06-02T20:30:32","date_gmt":"2015-06-02T20:30:32","guid":{"rendered":"http:\/\/ejimenez.webs.ull.es\/?p=884"},"modified":"2015-11-14T10:12:39","modified_gmt":"2015-11-14T10:12:39","slug":"sara-del-cristo-de-leon-perez","status":"publish","type":"post","link":"https:\/\/ejimenez.webs.ull.es\/?p=884","title":{"rendered":"Sara del Cristo de Le\u00f3n P\u00e9rez"},"content":{"rendered":"<p><img loading=\"lazy\" decoding=\"async\" class=\"alignleft wp-image-883 size-thumbnail\" src=\"http:\/\/ejimenez.webs.ull.es\/wp-content\/uploads\/Sara-150x150.png\" alt=\"Sara\" width=\"150\" height=\"150\" \/>Es Diplomada en Magisterio, Especialidad Educaci\u00f3n Primaria; Licenciada en Psicopedagog\u00eda y M\u00e1ster en Neurociencia Cognitiva y Necesidades Educativas Espec\u00edficas por la Universidad de La Laguna.\u00a0Es becaria del programa de Formaci\u00f3n de Profesorado Universitario (FPU).\u00a0Su l\u00ednea de investigaci\u00f3n se centra en el estudio de los procesos subyacentes a la comprensi\u00f3n lectora, afectados en alumnado pobre comprendedor.<\/p>\n","protected":false},"excerpt":{"rendered":"<p>Es Diplomada en Magisterio, Especialidad Educaci\u00f3n Primaria; Licenciada en Psicopedagog\u00eda y M\u00e1ster en Neurociencia Cognitiva y Necesidades Educativas Espec\u00edficas por la Universidad de La Laguna.\u00a0Es becaria del programa de Formaci\u00f3n de Profesorado Universitario (FPU).\u00a0Su l\u00ednea de investigaci\u00f3n se centra en el estudio de los procesos subyacentes a la comprensi\u00f3n lectora, afectados en alumnado pobre comprendedor.<\/p>\n","protected":false},"author":1,"featured_media":0,"comment_status":"closed","ping_status":"closed","sticky":false,"template":"","format":"standard","meta":{"footnotes":""},"categories":[40],"tags":[],"_links":{"self":[{"href":"https:\/\/ejimenez.webs.ull.es\/index.php?rest_route=\/wp\/v2\/posts\/884"}],"collection":[{"href":"https:\/\/ejimenez.webs.ull.es\/index.php?rest_route=\/wp\/v2\/posts"}],"about":[{"href":"https:\/\/ejimenez.webs.ull.es\/index.php?rest_route=\/wp\/v2\/types\/post"}],"author":[{"embeddable":true,"href":"https:\/\/ejimenez.webs.ull.es\/index.php?rest_route=\/wp\/v2\/users\/1"}],"replies":[{"embeddable":true,"href":"https:\/\/ejimenez.webs.ull.es\/index.php?rest_route=%2Fwp%2Fv2%2Fcomments&post=884"}],"version-history":[{"count":4,"href":"https:\/\/ejimenez.webs.ull.es\/index.php?rest_route=\/wp\/v2\/posts\/884\/revisions"}],"predecessor-version":[{"id":5277,"href":"https:\/\/ejimenez.webs.ull.es\/index.php?rest_route=\/wp\/v2\/posts\/884\/revisions\/5277"}],"wp:attachment":[{"href":"https:\/\/ejimenez.webs.ull.es\/index.php?rest_route=%2Fwp%2Fv2%2Fmedia&parent=884"}],"wp:term":[{"taxonomy":"category","embeddable":true,"href":"https:\/\/ejimenez.webs.ull.es\/index.php?rest_route=%2Fwp%2Fv2%2Fcategories&post=884"},{"taxonomy":"post_tag","embeddable":true,"href":"https:\/\/ejimenez.webs.ull.es\/index.php?rest_route=%2Fwp%2Fv2%2Ftags&post=884"}],"curies":[{"name":"wp","href":"https:\/\/api.w.org\/{rel}","templated":true}]}}