{"id":896,"date":"2015-06-02T20:41:38","date_gmt":"2015-06-02T20:41:38","guid":{"rendered":"http:\/\/ejimenez.webs.ull.es\/?p=896"},"modified":"2015-09-26T10:57:08","modified_gmt":"2015-09-26T10:57:08","slug":"desiree-gonzalez-martin-2","status":"publish","type":"post","link":"https:\/\/ejimenez.webs.ull.es\/?p=896","title":{"rendered":"Desir\u00e9e Gonz\u00e1lez Mart\u00edn"},"content":{"rendered":"<p><img loading=\"lazy\" decoding=\"async\" class=\"alignleft wp-image-894 size-thumbnail\" src=\"http:\/\/ejimenez.webs.ull.es\/wp-content\/uploads\/Desi-e1433280313472-150x150.png\" alt=\"Desi\" width=\"150\" height=\"150\" srcset=\"https:\/\/ejimenez.webs.ull.es\/wp-content\/uploads\/Desi-e1433280313472-150x150.png 150w, https:\/\/ejimenez.webs.ull.es\/wp-content\/uploads\/Desi-e1433280313472.png 159w\" sizes=\"(max-width: 150px) 100vw, 150px\" \/><\/p>\n<p>Profesora asociada de M\u00e9todos de Investigaci\u00f3n y Diagn\u00f3stico en Educaci\u00f3n de la Facultad de Educaci\u00f3n de la Universidad de La Laguna. Actualmente imparte docencia en los grados de Pedagog\u00eda, Magisterio Infantil, en el Master Educaci\u00f3n y TIC. Adem\u00e1s, es docente en el Diploma de Especializaci\u00f3n en Ense\u00f1anza de la Lectura. Ha sido becaria de investigaci\u00f3n del Programa de Formaci\u00f3n de Personal Invesigador (FPI). Ha realizado su tesis doctoral sobre la prevalencia e indicadores cognitivos y familiares de la dislexia en adolescentes. Ha desarrollado otras actividades investigadoras relacionadas con la implementaci\u00f3n del modelo RTI en la prevenci\u00f3n e identificaci\u00f3n de las DEA en lectura. Ha publicado diversos trabajos en revistas nacionales e internacionales de reconocido prestigio relacionados con los procesos cognitivos y de lectura.\u00a0 Sus principales \u00e1reas de investigaci\u00f3n se centran en el estudio de prevalencia e indicadores cognitivos, culturales y biol\u00f3gicos de las dificultades de aprendizaje, as\u00ed como en el desarrollo de aplicaciones tecnol\u00f3gicas para la evaluaci\u00f3n e instrucci\u00f3n de las dificultades espec\u00edficas de aprendizaje.<\/p>\n","protected":false},"excerpt":{"rendered":"<p>Profesora asociada de M\u00e9todos de Investigaci\u00f3n y Diagn\u00f3stico en Educaci\u00f3n de la Facultad de Educaci\u00f3n de la Universidad de La Laguna. Actualmente imparte docencia en los grados de Pedagog\u00eda, Magisterio Infantil, en el Master Educaci\u00f3n y TIC. Adem\u00e1s, es docente en el Diploma de Especializaci\u00f3n en Ense\u00f1anza de la Lectura. Ha sido becaria de investigaci\u00f3n [&hellip;]<\/p>\n","protected":false},"author":1,"featured_media":0,"comment_status":"closed","ping_status":"closed","sticky":false,"template":"","format":"standard","meta":{"footnotes":""},"categories":[40],"tags":[],"_links":{"self":[{"href":"https:\/\/ejimenez.webs.ull.es\/index.php?rest_route=\/wp\/v2\/posts\/896"}],"collection":[{"href":"https:\/\/ejimenez.webs.ull.es\/index.php?rest_route=\/wp\/v2\/posts"}],"about":[{"href":"https:\/\/ejimenez.webs.ull.es\/index.php?rest_route=\/wp\/v2\/types\/post"}],"author":[{"embeddable":true,"href":"https:\/\/ejimenez.webs.ull.es\/index.php?rest_route=\/wp\/v2\/users\/1"}],"replies":[{"embeddable":true,"href":"https:\/\/ejimenez.webs.ull.es\/index.php?rest_route=%2Fwp%2Fv2%2Fcomments&post=896"}],"version-history":[{"count":3,"href":"https:\/\/ejimenez.webs.ull.es\/index.php?rest_route=\/wp\/v2\/posts\/896\/revisions"}],"predecessor-version":[{"id":5199,"href":"https:\/\/ejimenez.webs.ull.es\/index.php?rest_route=\/wp\/v2\/posts\/896\/revisions\/5199"}],"wp:attachment":[{"href":"https:\/\/ejimenez.webs.ull.es\/index.php?rest_route=%2Fwp%2Fv2%2Fmedia&parent=896"}],"wp:term":[{"taxonomy":"category","embeddable":true,"href":"https:\/\/ejimenez.webs.ull.es\/index.php?rest_route=%2Fwp%2Fv2%2Fcategories&post=896"},{"taxonomy":"post_tag","embeddable":true,"href":"https:\/\/ejimenez.webs.ull.es\/index.php?rest_route=%2Fwp%2Fv2%2Ftags&post=896"}],"curies":[{"name":"wp","href":"https:\/\/api.w.org\/{rel}","templated":true}]}}