{"id":906,"date":"2015-06-02T20:45:42","date_gmt":"2015-06-02T20:45:42","guid":{"rendered":"http:\/\/ejimenez.webs.ull.es\/?p=906"},"modified":"2015-09-25T20:43:49","modified_gmt":"2015-09-25T20:43:49","slug":"remedios-guzman-2","status":"publish","type":"post","link":"https:\/\/ejimenez.webs.ull.es\/?p=906","title":{"rendered":"Remedios Guzm\u00e1n"},"content":{"rendered":"<p><img loading=\"lazy\" decoding=\"async\" class=\"alignleft wp-image-904 size-full\" src=\"http:\/\/ejimenez.webs.ull.es\/wp-content\/uploads\/Meyo-e1433280023839.jpg\" alt=\"Meyo\" width=\"149\" height=\"150\" \/><\/p>\n<p>Profesora Titular de Diagn\u00f3stico en Educaci\u00f3n en el Departamento de Did\u00e1ctica e Investigaci\u00f3n Educativa de la Universidad de La Laguna. Licenciada en Ciencias de la Educaci\u00f3n (1983) y en Psicolog\u00eda (1993), y Doctora en Psicolog\u00eda (1998) por la Universidad de La Laguna. Imparte docencia en grados y en el M\u00e1ster de Intervenci\u00f3n Psicopedag\u00f3gica de la Facultad de Educaci\u00f3n y en el M\u00e1ster de Neurociencia Cognitiva y Necesidades Espec\u00edficas de Apoyo Educativo de la Facultad de Psicolog\u00eda. Desde el 2012 participa en el programa de acreditaci\u00f3n nacional de la Agencia Nacional de Evaluaci\u00f3n de la Calidad y Acreditaci\u00f3n. Su actividad investigadora se ha centrado en la ense\u00f1anza de la lectura y en las Dificultades Espec\u00edficas de Aprendizaje. Actualmente su inter\u00e9s en la investigaci\u00f3n incluye el diagn\u00f3stico del alumnado cultural y ling\u00fc\u00edsticamente diverso.<\/p>\n","protected":false},"excerpt":{"rendered":"<p>Profesora Titular de Diagn\u00f3stico en Educaci\u00f3n en el Departamento de Did\u00e1ctica e Investigaci\u00f3n Educativa de la Universidad de La Laguna. Licenciada en Ciencias de la Educaci\u00f3n (1983) y en Psicolog\u00eda (1993), y Doctora en Psicolog\u00eda (1998) por la Universidad de La Laguna. Imparte docencia en grados y en el M\u00e1ster de Intervenci\u00f3n Psicopedag\u00f3gica de la [&hellip;]<\/p>\n","protected":false},"author":1,"featured_media":0,"comment_status":"closed","ping_status":"closed","sticky":false,"template":"","format":"standard","meta":{"footnotes":""},"categories":[40],"tags":[],"_links":{"self":[{"href":"https:\/\/ejimenez.webs.ull.es\/index.php?rest_route=\/wp\/v2\/posts\/906"}],"collection":[{"href":"https:\/\/ejimenez.webs.ull.es\/index.php?rest_route=\/wp\/v2\/posts"}],"about":[{"href":"https:\/\/ejimenez.webs.ull.es\/index.php?rest_route=\/wp\/v2\/types\/post"}],"author":[{"embeddable":true,"href":"https:\/\/ejimenez.webs.ull.es\/index.php?rest_route=\/wp\/v2\/users\/1"}],"replies":[{"embeddable":true,"href":"https:\/\/ejimenez.webs.ull.es\/index.php?rest_route=%2Fwp%2Fv2%2Fcomments&post=906"}],"version-history":[{"count":3,"href":"https:\/\/ejimenez.webs.ull.es\/index.php?rest_route=\/wp\/v2\/posts\/906\/revisions"}],"predecessor-version":[{"id":5187,"href":"https:\/\/ejimenez.webs.ull.es\/index.php?rest_route=\/wp\/v2\/posts\/906\/revisions\/5187"}],"wp:attachment":[{"href":"https:\/\/ejimenez.webs.ull.es\/index.php?rest_route=%2Fwp%2Fv2%2Fmedia&parent=906"}],"wp:term":[{"taxonomy":"category","embeddable":true,"href":"https:\/\/ejimenez.webs.ull.es\/index.php?rest_route=%2Fwp%2Fv2%2Fcategories&post=906"},{"taxonomy":"post_tag","embeddable":true,"href":"https:\/\/ejimenez.webs.ull.es\/index.php?rest_route=%2Fwp%2Fv2%2Ftags&post=906"}],"curies":[{"name":"wp","href":"https:\/\/api.w.org\/{rel}","templated":true}]}}