{"id":911,"date":"2015-06-02T20:48:31","date_gmt":"2015-06-02T20:48:31","guid":{"rendered":"http:\/\/ejimenez.webs.ull.es\/?p=911"},"modified":"2015-06-02T21:16:47","modified_gmt":"2015-06-02T21:16:47","slug":"isabel-oshanahan-juan-2","status":"publish","type":"post","link":"https:\/\/ejimenez.webs.ull.es\/?p=911","title":{"rendered":"Isabel O&#8217;Shanahan Juan"},"content":{"rendered":"<p><img loading=\"lazy\" decoding=\"async\" class=\"alignleft wp-image-909 size-thumbnail\" src=\"http:\/\/ejimenez.webs.ull.es\/wp-content\/uploads\/Isa-150x150.jpg\" alt=\"Isa\" width=\"150\" height=\"150\" \/><br \/>\nProfesora Titular de Did\u00e1ctica de la Lengua y la Literatura Departamento de Did\u00e1cticas Espec\u00edficas. Universidad de La Laguna.<br \/>\nActualmente imparte docencia en la Facultad de Educaci\u00f3n en las titulaciones de maestro especialista en Educaci\u00f3n Infantil y en posgrado orientado a la formaci\u00f3n del profesorado e intervenci\u00f3n psicopedag\u00f3gica.<br \/>\nHa centrado su actividad investigadora en el estudio de las creencias de los profesores y de las pr\u00e1cticas de ense\u00f1anza en la lengua oral y escrita.<\/p>\n","protected":false},"excerpt":{"rendered":"<p>Profesora Titular de Did\u00e1ctica de la Lengua y la Literatura Departamento de Did\u00e1cticas Espec\u00edficas. Universidad de La Laguna. Actualmente imparte docencia en la Facultad de Educaci\u00f3n en las titulaciones de maestro especialista en Educaci\u00f3n Infantil y en posgrado orientado a la formaci\u00f3n del profesorado e intervenci\u00f3n psicopedag\u00f3gica. Ha centrado su actividad investigadora en el estudio [&hellip;]<\/p>\n","protected":false},"author":1,"featured_media":0,"comment_status":"closed","ping_status":"closed","sticky":false,"template":"","format":"standard","meta":{"footnotes":""},"categories":[40],"tags":[],"_links":{"self":[{"href":"https:\/\/ejimenez.webs.ull.es\/index.php?rest_route=\/wp\/v2\/posts\/911"}],"collection":[{"href":"https:\/\/ejimenez.webs.ull.es\/index.php?rest_route=\/wp\/v2\/posts"}],"about":[{"href":"https:\/\/ejimenez.webs.ull.es\/index.php?rest_route=\/wp\/v2\/types\/post"}],"author":[{"embeddable":true,"href":"https:\/\/ejimenez.webs.ull.es\/index.php?rest_route=\/wp\/v2\/users\/1"}],"replies":[{"embeddable":true,"href":"https:\/\/ejimenez.webs.ull.es\/index.php?rest_route=%2Fwp%2Fv2%2Fcomments&post=911"}],"version-history":[{"count":2,"href":"https:\/\/ejimenez.webs.ull.es\/index.php?rest_route=\/wp\/v2\/posts\/911\/revisions"}],"predecessor-version":[{"id":962,"href":"https:\/\/ejimenez.webs.ull.es\/index.php?rest_route=\/wp\/v2\/posts\/911\/revisions\/962"}],"wp:attachment":[{"href":"https:\/\/ejimenez.webs.ull.es\/index.php?rest_route=%2Fwp%2Fv2%2Fmedia&parent=911"}],"wp:term":[{"taxonomy":"category","embeddable":true,"href":"https:\/\/ejimenez.webs.ull.es\/index.php?rest_route=%2Fwp%2Fv2%2Fcategories&post=911"},{"taxonomy":"post_tag","embeddable":true,"href":"https:\/\/ejimenez.webs.ull.es\/index.php?rest_route=%2Fwp%2Fv2%2Ftags&post=911"}],"curies":[{"name":"wp","href":"https:\/\/api.w.org\/{rel}","templated":true}]}}