{"id":916,"date":"2015-06-02T20:53:00","date_gmt":"2015-06-02T20:53:00","guid":{"rendered":"http:\/\/ejimenez.webs.ull.es\/?p=916"},"modified":"2015-09-24T20:13:16","modified_gmt":"2015-09-24T20:13:16","slug":"cristina-rodriguez-rodriguez-2","status":"publish","type":"post","link":"https:\/\/ejimenez.webs.ull.es\/?p=916","title":{"rendered":"Cristina Rodr\u00edguez Rodr\u00edguez"},"content":{"rendered":"<p><img loading=\"lazy\" decoding=\"async\" class=\"alignleft wp-image-914 size-thumbnail\" src=\"http:\/\/ejimenez.webs.ull.es\/wp-content\/uploads\/Cristina-150x150.jpg\" alt=\"Cristina\" width=\"150\" height=\"150\" \/><\/p>\n<p>Profesora de la Universidad Cat\u00f3lica de la Sant\u00edsima Concepci\u00f3n (UCSC, Chile) desde 2014. En 2011 obtuvo una beca posdoctoral del Programa Nacional de Movilidad de Recursos Humanos de Investigaci\u00f3n (Ministerio de Econom\u00eda y Competitividad de Espa\u00f1a), realizando su estancia en la Universidad de \u00c1msterdam durante el periodo 2012-2014. En 2010 fue contratada como Investigador Doctor para el desarrollo de un proyecto de trasferencia tecnolog\u00eda financiado por el Subprograma Proyectos de Investigaci\u00f3n Fundamental orientada a la transmisi\u00f3n de conocimientos a la empresa (TRACE, Ministerio de Econom\u00eda y Competitividad de Espa\u00f1a). En 2007 obtuvo el grado de Doctor en Psicolog\u00eda. Durante los a\u00f1os previos 2002-2006 fue personal investigador en formaci\u00f3n gracias a la obtenci\u00f3n de la beca del Programa de Formaci\u00f3n de Personal Investigador (FPU, Ministerios de Educaci\u00f3n, Cultura y Deporte). Su l\u00ednea de investigaci\u00f3n prioritaria es \u201ccognici\u00f3n de la lectura, escritura y procesamiento num\u00e9rico en sujetos con desarrollo t\u00edpico y at\u00edpico\u201d.<\/p>\n","protected":false},"excerpt":{"rendered":"<p>Profesora de la Universidad Cat\u00f3lica de la Sant\u00edsima Concepci\u00f3n (UCSC, Chile) desde 2014. En 2011 obtuvo una beca posdoctoral del Programa Nacional de Movilidad de Recursos Humanos de Investigaci\u00f3n (Ministerio de Econom\u00eda y Competitividad de Espa\u00f1a), realizando su estancia en la Universidad de \u00c1msterdam durante el periodo 2012-2014. En 2010 fue contratada como Investigador Doctor [&hellip;]<\/p>\n","protected":false},"author":1,"featured_media":0,"comment_status":"closed","ping_status":"closed","sticky":false,"template":"","format":"standard","meta":{"footnotes":""},"categories":[40],"tags":[],"_links":{"self":[{"href":"https:\/\/ejimenez.webs.ull.es\/index.php?rest_route=\/wp\/v2\/posts\/916"}],"collection":[{"href":"https:\/\/ejimenez.webs.ull.es\/index.php?rest_route=\/wp\/v2\/posts"}],"about":[{"href":"https:\/\/ejimenez.webs.ull.es\/index.php?rest_route=\/wp\/v2\/types\/post"}],"author":[{"embeddable":true,"href":"https:\/\/ejimenez.webs.ull.es\/index.php?rest_route=\/wp\/v2\/users\/1"}],"replies":[{"embeddable":true,"href":"https:\/\/ejimenez.webs.ull.es\/index.php?rest_route=%2Fwp%2Fv2%2Fcomments&post=916"}],"version-history":[{"count":5,"href":"https:\/\/ejimenez.webs.ull.es\/index.php?rest_route=\/wp\/v2\/posts\/916\/revisions"}],"predecessor-version":[{"id":5166,"href":"https:\/\/ejimenez.webs.ull.es\/index.php?rest_route=\/wp\/v2\/posts\/916\/revisions\/5166"}],"wp:attachment":[{"href":"https:\/\/ejimenez.webs.ull.es\/index.php?rest_route=%2Fwp%2Fv2%2Fmedia&parent=916"}],"wp:term":[{"taxonomy":"category","embeddable":true,"href":"https:\/\/ejimenez.webs.ull.es\/index.php?rest_route=%2Fwp%2Fv2%2Fcategories&post=916"},{"taxonomy":"post_tag","embeddable":true,"href":"https:\/\/ejimenez.webs.ull.es\/index.php?rest_route=%2Fwp%2Fv2%2Ftags&post=916"}],"curies":[{"name":"wp","href":"https:\/\/api.w.org\/{rel}","templated":true}]}}