{"id":922,"date":"2015-06-02T21:03:58","date_gmt":"2015-06-02T21:03:58","guid":{"rendered":"http:\/\/ejimenez.webs.ull.es\/?p=922"},"modified":"2015-09-25T20:55:23","modified_gmt":"2015-09-25T20:55:23","slug":"christian-peake-2","status":"publish","type":"post","link":"https:\/\/ejimenez.webs.ull.es\/?p=922","title":{"rendered":"Christian Peake"},"content":{"rendered":"<p>&nbsp;<\/p>\n<p><img loading=\"lazy\" decoding=\"async\" class=\"alignleft  wp-image-5193\" src=\"http:\/\/ejimenez.webs.ull.es\/wp-content\/uploads\/11866207_10156145884045001_5027758068825665308_n1.jpg\" alt=\"11866207_10156145884045001_5027758068825665308_n\" width=\"131\" height=\"131\" srcset=\"https:\/\/ejimenez.webs.ull.es\/wp-content\/uploads\/11866207_10156145884045001_5027758068825665308_n1.jpg 600w, https:\/\/ejimenez.webs.ull.es\/wp-content\/uploads\/11866207_10156145884045001_5027758068825665308_n1-150x150.jpg 150w, https:\/\/ejimenez.webs.ull.es\/wp-content\/uploads\/11866207_10156145884045001_5027758068825665308_n1-300x300.jpg 300w\" sizes=\"(max-width: 131px) 100vw, 131px\" \/><\/p>\n<p>.<\/p>\n<p>Christian Peake Doctor en Psicolog\u00eda por la Universidad de La Laguna. Es Licenciado en Psicolog\u00eda por la Universitat de les Illes Balears, y ha cursado un Posgrado Oficial en Neurociencia Cognitiva y Necesidades Educativas Espec\u00edficas en la Universidad de La Laguna. Su inter\u00e9s cient\u00edfico se centra en las dificultades de aprendizaje en matem\u00e1ticas, as\u00ed como en los procesos cognitivos que subyacen al aprendizaje. Ha publicado estudios y cap\u00edtulos de libro dedicados a estos temas, y ha divulgado los resultados de sus investigaciones en congresos internacionales. Ha realizado estancias de investigaci\u00f3n en la Universidad de Casa Grande (Guayaquil, Ecuador); en el Dipartimento di Psicologia dello Sviluppo e della Socializzazione (Universit\u00e0 degli Studi di Padova, Italia); y en el Centro de Neurociencias de Cuba (La Habana, Cuba).<\/p>\n","protected":false},"excerpt":{"rendered":"<p>&nbsp; . Christian Peake Doctor en Psicolog\u00eda por la Universidad de La Laguna. Es Licenciado en Psicolog\u00eda por la Universitat de les Illes Balears, y ha cursado un Posgrado Oficial en Neurociencia Cognitiva y Necesidades Educativas Espec\u00edficas en la Universidad de La Laguna. Su inter\u00e9s cient\u00edfico se centra en las dificultades de aprendizaje en matem\u00e1ticas, [&hellip;]<\/p>\n","protected":false},"author":1,"featured_media":0,"comment_status":"closed","ping_status":"closed","sticky":false,"template":"","format":"standard","meta":{"footnotes":""},"categories":[40],"tags":[],"_links":{"self":[{"href":"https:\/\/ejimenez.webs.ull.es\/index.php?rest_route=\/wp\/v2\/posts\/922"}],"collection":[{"href":"https:\/\/ejimenez.webs.ull.es\/index.php?rest_route=\/wp\/v2\/posts"}],"about":[{"href":"https:\/\/ejimenez.webs.ull.es\/index.php?rest_route=\/wp\/v2\/types\/post"}],"author":[{"embeddable":true,"href":"https:\/\/ejimenez.webs.ull.es\/index.php?rest_route=\/wp\/v2\/users\/1"}],"replies":[{"embeddable":true,"href":"https:\/\/ejimenez.webs.ull.es\/index.php?rest_route=%2Fwp%2Fv2%2Fcomments&post=922"}],"version-history":[{"count":5,"href":"https:\/\/ejimenez.webs.ull.es\/index.php?rest_route=\/wp\/v2\/posts\/922\/revisions"}],"predecessor-version":[{"id":5195,"href":"https:\/\/ejimenez.webs.ull.es\/index.php?rest_route=\/wp\/v2\/posts\/922\/revisions\/5195"}],"wp:attachment":[{"href":"https:\/\/ejimenez.webs.ull.es\/index.php?rest_route=%2Fwp%2Fv2%2Fmedia&parent=922"}],"wp:term":[{"taxonomy":"category","embeddable":true,"href":"https:\/\/ejimenez.webs.ull.es\/index.php?rest_route=%2Fwp%2Fv2%2Fcategories&post=922"},{"taxonomy":"post_tag","embeddable":true,"href":"https:\/\/ejimenez.webs.ull.es\/index.php?rest_route=%2Fwp%2Fv2%2Ftags&post=922"}],"curies":[{"name":"wp","href":"https:\/\/api.w.org\/{rel}","templated":true}]}}