{"id":927,"date":"2015-06-02T21:05:13","date_gmt":"2015-06-02T21:05:13","guid":{"rendered":"http:\/\/ejimenez.webs.ull.es\/?p=927"},"modified":"2015-09-24T20:22:31","modified_gmt":"2015-09-24T20:22:31","slug":"celia-morales-2","status":"publish","type":"post","link":"https:\/\/ejimenez.webs.ull.es\/?p=927","title":{"rendered":"Celia Morales"},"content":{"rendered":"<p><img loading=\"lazy\" decoding=\"async\" class=\"alignleft size-full wp-image-925\" src=\"http:\/\/ejimenez.webs.ull.es\/wp-content\/uploads\/perfil_celia.png\" alt=\"perfil_celia\" width=\"150\" height=\"150\" \/><\/p>\n<p>Licenciada en Psicolog\u00eda y Pedagog\u00eda por la Universidad de La Laguna, Experta en Orientaci\u00f3n e Intervenci\u00f3n Psicoeducativa por la Universidad de La Laguna y el Instituto Tafor Psicotecnia, M\u00e1ster Oficial en Neurociencia Cognitiva y Necesidades Educativas Espec\u00edficas por la Universidad de La Laguna. Contratada como Personal Investigador en Formaci\u00f3n gracias a una ayuda de la Agencia Canaria de Investigaci\u00f3n, Innovaci\u00f3n y Sociedad de la Informaci\u00f3n. Actualmente trabaja como investigadora y docente universitaria (con venia docenci) en los Grados de Magisterio de Educaci\u00f3n Infantil, Logopedia y Psicolog\u00eda, y tambi\u00e9n en un posgrado de la ULL denominado Diploma de Especializaci\u00f3n en la Ense\u00f1anza de la Lectura. En este momento cursa el Programa de Doctorado en Neurociencia Cognitiva y Educaci\u00f3n en la Universidad de La Laguna. Su tesis doctoral tiene por finalidad analizar el desarrollo evolutivo de la habilidad de transcripci\u00f3n en la escritura en los primeros niveles de Educaci\u00f3n Primaria en las modalidades de papel y l\u00e1piz y ordenador.<\/p>\n","protected":false},"excerpt":{"rendered":"<p>Licenciada en Psicolog\u00eda y Pedagog\u00eda por la Universidad de La Laguna, Experta en Orientaci\u00f3n e Intervenci\u00f3n Psicoeducativa por la Universidad de La Laguna y el Instituto Tafor Psicotecnia, M\u00e1ster Oficial en Neurociencia Cognitiva y Necesidades Educativas Espec\u00edficas por la Universidad de La Laguna. Contratada como Personal Investigador en Formaci\u00f3n gracias a una ayuda de la [&hellip;]<\/p>\n","protected":false},"author":1,"featured_media":0,"comment_status":"closed","ping_status":"closed","sticky":false,"template":"","format":"standard","meta":{"footnotes":""},"categories":[40],"tags":[],"_links":{"self":[{"href":"https:\/\/ejimenez.webs.ull.es\/index.php?rest_route=\/wp\/v2\/posts\/927"}],"collection":[{"href":"https:\/\/ejimenez.webs.ull.es\/index.php?rest_route=\/wp\/v2\/posts"}],"about":[{"href":"https:\/\/ejimenez.webs.ull.es\/index.php?rest_route=\/wp\/v2\/types\/post"}],"author":[{"embeddable":true,"href":"https:\/\/ejimenez.webs.ull.es\/index.php?rest_route=\/wp\/v2\/users\/1"}],"replies":[{"embeddable":true,"href":"https:\/\/ejimenez.webs.ull.es\/index.php?rest_route=%2Fwp%2Fv2%2Fcomments&post=927"}],"version-history":[{"count":2,"href":"https:\/\/ejimenez.webs.ull.es\/index.php?rest_route=\/wp\/v2\/posts\/927\/revisions"}],"predecessor-version":[{"id":5168,"href":"https:\/\/ejimenez.webs.ull.es\/index.php?rest_route=\/wp\/v2\/posts\/927\/revisions\/5168"}],"wp:attachment":[{"href":"https:\/\/ejimenez.webs.ull.es\/index.php?rest_route=%2Fwp%2Fv2%2Fmedia&parent=927"}],"wp:term":[{"taxonomy":"category","embeddable":true,"href":"https:\/\/ejimenez.webs.ull.es\/index.php?rest_route=%2Fwp%2Fv2%2Fcategories&post=927"},{"taxonomy":"post_tag","embeddable":true,"href":"https:\/\/ejimenez.webs.ull.es\/index.php?rest_route=%2Fwp%2Fv2%2Ftags&post=927"}],"curies":[{"name":"wp","href":"https:\/\/api.w.org\/{rel}","templated":true}]}}