{"id":937,"date":"2015-06-02T21:08:29","date_gmt":"2015-06-02T21:08:29","guid":{"rendered":"http:\/\/ejimenez.webs.ull.es\/?p=937"},"modified":"2015-09-25T17:34:23","modified_gmt":"2015-09-25T17:34:23","slug":"rebeca-villaroel-garcia","status":"publish","type":"post","link":"https:\/\/ejimenez.webs.ull.es\/?p=937","title":{"rendered":"Rebeca Villaroel"},"content":{"rendered":"<p><img loading=\"lazy\" decoding=\"async\" class=\"alignleft size-full wp-image-935\" src=\"http:\/\/ejimenez.webs.ull.es\/wp-content\/uploads\/perfil_rebeca.png\" alt=\"perfil_rebeca\" width=\"150\" height=\"150\" \/><\/p>\n<p>Licenciada en Psicolog\u00eda por la Universidad Cat\u00f3lica Andr\u00e9s Bello (Caracas, Venezuela). Ha cursado un M\u00e1ster Oficial en Neurociencia Cognitiva y Necesidades Educativas Espec\u00edficas por la Universidad de La Laguna, la Universidad de Valencia y la Universidad de Almer\u00eda. Actualmente cursa el Programa Oficial de Doctorado en Psicolog\u00eda en la Universidad de La Laguna. Ha colaborado en el dise\u00f1o y elaboraci\u00f3n de distintos programas para la evaluaci\u00f3n de las dificultades de aprendizaje en matem\u00e1ticas y el programa PRIMATE. Su l\u00ednea de investigaci\u00f3n principal versa sobre dificultades espec\u00edficas de aprendizaje en matem\u00e1ticas, espec\u00edficamente el procesamiento num\u00e9rico y transcodificaci\u00f3n num\u00e9rica.<\/p>\n","protected":false},"excerpt":{"rendered":"<p>Licenciada en Psicolog\u00eda por la Universidad Cat\u00f3lica Andr\u00e9s Bello (Caracas, Venezuela). Ha cursado un M\u00e1ster Oficial en Neurociencia Cognitiva y Necesidades Educativas Espec\u00edficas por la Universidad de La Laguna, la Universidad de Valencia y la Universidad de Almer\u00eda. Actualmente cursa el Programa Oficial de Doctorado en Psicolog\u00eda en la Universidad de La Laguna. Ha colaborado [&hellip;]<\/p>\n","protected":false},"author":1,"featured_media":0,"comment_status":"closed","ping_status":"closed","sticky":false,"template":"","format":"standard","meta":{"footnotes":""},"categories":[40],"tags":[],"_links":{"self":[{"href":"https:\/\/ejimenez.webs.ull.es\/index.php?rest_route=\/wp\/v2\/posts\/937"}],"collection":[{"href":"https:\/\/ejimenez.webs.ull.es\/index.php?rest_route=\/wp\/v2\/posts"}],"about":[{"href":"https:\/\/ejimenez.webs.ull.es\/index.php?rest_route=\/wp\/v2\/types\/post"}],"author":[{"embeddable":true,"href":"https:\/\/ejimenez.webs.ull.es\/index.php?rest_route=\/wp\/v2\/users\/1"}],"replies":[{"embeddable":true,"href":"https:\/\/ejimenez.webs.ull.es\/index.php?rest_route=%2Fwp%2Fv2%2Fcomments&post=937"}],"version-history":[{"count":3,"href":"https:\/\/ejimenez.webs.ull.es\/index.php?rest_route=\/wp\/v2\/posts\/937\/revisions"}],"predecessor-version":[{"id":5181,"href":"https:\/\/ejimenez.webs.ull.es\/index.php?rest_route=\/wp\/v2\/posts\/937\/revisions\/5181"}],"wp:attachment":[{"href":"https:\/\/ejimenez.webs.ull.es\/index.php?rest_route=%2Fwp%2Fv2%2Fmedia&parent=937"}],"wp:term":[{"taxonomy":"category","embeddable":true,"href":"https:\/\/ejimenez.webs.ull.es\/index.php?rest_route=%2Fwp%2Fv2%2Fcategories&post=937"},{"taxonomy":"post_tag","embeddable":true,"href":"https:\/\/ejimenez.webs.ull.es\/index.php?rest_route=%2Fwp%2Fv2%2Ftags&post=937"}],"curies":[{"name":"wp","href":"https:\/\/api.w.org\/{rel}","templated":true}]}}