{"id":943,"date":"2015-06-02T21:10:23","date_gmt":"2015-06-02T21:10:23","guid":{"rendered":"http:\/\/ejimenez.webs.ull.es\/?p=943"},"modified":"2015-09-25T17:30:52","modified_gmt":"2015-09-25T17:30:52","slug":"natalia-suarez-2","status":"publish","type":"post","link":"https:\/\/ejimenez.webs.ull.es\/?p=943","title":{"rendered":"Natalia Su\u00e1rez"},"content":{"rendered":"<p><img loading=\"lazy\" decoding=\"async\" class=\"alignleft size-full wp-image-941\" src=\"http:\/\/ejimenez.webs.ull.es\/wp-content\/uploads\/perfil_natalia.png\" alt=\"perfil_natalia\" width=\"150\" height=\"150\" \/><\/p>\n<p>Doctora en Psicolog\u00eda por la Universidad de la Laguna. M\u00e1ster en Psicolog\u00eda Infanto-Juvenil (aspectos cl\u00ednicos, evolutivos y educativos) y M\u00e1ster en Neurociencia Cognitiva y Necesidades Educativas Espec\u00edficas. Obtuvo una beca del programa de formaci\u00f3n del personal investigador (FPI). Ha asistido a congresos nacionales e internacionales sobre educaci\u00f3n, TIC y dificultades de aprendizaje. Tiene experiencia en la atenci\u00f3n de las diferentes problem\u00e1ticas infanto_juveniles. Ha impartido clases en asignaturas relacionadas con el \u00e1rea de Psicolog\u00eda Evolutiva y de la Educaci\u00f3n. Actualmente es profesora en el &#8220;Diploma de Especializaci\u00f3n en la Ense\u00f1anza y Aprendizaje de la lectura&#8221;, t\u00edtulo propio de la ULL. Su l\u00ednea de investigaci\u00f3n se centra en el estudio de las creencias y pr\u00e1cticas de ense\u00f1anza del profesorado en el \u00e1mbito de la lectura.<\/p>\n","protected":false},"excerpt":{"rendered":"<p>Doctora en Psicolog\u00eda por la Universidad de la Laguna. M\u00e1ster en Psicolog\u00eda Infanto-Juvenil (aspectos cl\u00ednicos, evolutivos y educativos) y M\u00e1ster en Neurociencia Cognitiva y Necesidades Educativas Espec\u00edficas. Obtuvo una beca del programa de formaci\u00f3n del personal investigador (FPI). Ha asistido a congresos nacionales e internacionales sobre educaci\u00f3n, TIC y dificultades de aprendizaje. Tiene experiencia en [&hellip;]<\/p>\n","protected":false},"author":1,"featured_media":0,"comment_status":"closed","ping_status":"closed","sticky":false,"template":"","format":"standard","meta":{"footnotes":""},"categories":[40],"tags":[],"_links":{"self":[{"href":"https:\/\/ejimenez.webs.ull.es\/index.php?rest_route=\/wp\/v2\/posts\/943"}],"collection":[{"href":"https:\/\/ejimenez.webs.ull.es\/index.php?rest_route=\/wp\/v2\/posts"}],"about":[{"href":"https:\/\/ejimenez.webs.ull.es\/index.php?rest_route=\/wp\/v2\/types\/post"}],"author":[{"embeddable":true,"href":"https:\/\/ejimenez.webs.ull.es\/index.php?rest_route=\/wp\/v2\/users\/1"}],"replies":[{"embeddable":true,"href":"https:\/\/ejimenez.webs.ull.es\/index.php?rest_route=%2Fwp%2Fv2%2Fcomments&post=943"}],"version-history":[{"count":2,"href":"https:\/\/ejimenez.webs.ull.es\/index.php?rest_route=\/wp\/v2\/posts\/943\/revisions"}],"predecessor-version":[{"id":5179,"href":"https:\/\/ejimenez.webs.ull.es\/index.php?rest_route=\/wp\/v2\/posts\/943\/revisions\/5179"}],"wp:attachment":[{"href":"https:\/\/ejimenez.webs.ull.es\/index.php?rest_route=%2Fwp%2Fv2%2Fmedia&parent=943"}],"wp:term":[{"taxonomy":"category","embeddable":true,"href":"https:\/\/ejimenez.webs.ull.es\/index.php?rest_route=%2Fwp%2Fv2%2Fcategories&post=943"},{"taxonomy":"post_tag","embeddable":true,"href":"https:\/\/ejimenez.webs.ull.es\/index.php?rest_route=%2Fwp%2Fv2%2Ftags&post=943"}],"curies":[{"name":"wp","href":"https:\/\/api.w.org\/{rel}","templated":true}]}}