{"id":945,"date":"2015-06-02T21:11:16","date_gmt":"2015-06-02T21:11:16","guid":{"rendered":"http:\/\/ejimenez.webs.ull.es\/?p=945"},"modified":"2015-09-26T10:29:24","modified_gmt":"2015-09-26T10:29:24","slug":"elaine-bisschop","status":"publish","type":"post","link":"https:\/\/ejimenez.webs.ull.es\/?p=945","title":{"rendered":"Elaine Bisschop"},"content":{"rendered":"<p><img loading=\"lazy\" decoding=\"async\" class=\"alignleft size-full wp-image-946\" src=\"http:\/\/ejimenez.webs.ull.es\/wp-content\/uploads\/perfil_elaine.png\" alt=\"perfil_elaine\" width=\"150\" height=\"150\" \/><\/p>\n<p>She has a degree in Educational Sciences from the University of Amsterdam (The Netherlands). She has completed her Masters degree in &#8220;Intervenci\u00f3n psicopedag\u00f3gica en contextos de la educaci\u00f3n formal y no formal&#8221; at\u00a0the\u00a0University of La Laguna. She is a PhD candidate at the same university and her research focuses on specific learning disabilities in math and verbal problem solving. Currently she works as a research assistant in the Math Child project at the VU University (The Netherlands).<\/p>\n","protected":false},"excerpt":{"rendered":"<p>She has a degree in Educational Sciences from the University of Amsterdam (The Netherlands). She has completed her Masters degree in &#8220;Intervenci\u00f3n psicopedag\u00f3gica en contextos de la educaci\u00f3n formal y no formal&#8221; at\u00a0the\u00a0University of La Laguna. She is a PhD candidate at the same university and her research focuses on specific learning disabilities in math [&hellip;]<\/p>\n","protected":false},"author":1,"featured_media":0,"comment_status":"closed","ping_status":"closed","sticky":false,"template":"","format":"standard","meta":{"footnotes":""},"categories":[6],"tags":[],"_links":{"self":[{"href":"https:\/\/ejimenez.webs.ull.es\/index.php?rest_route=\/wp\/v2\/posts\/945"}],"collection":[{"href":"https:\/\/ejimenez.webs.ull.es\/index.php?rest_route=\/wp\/v2\/posts"}],"about":[{"href":"https:\/\/ejimenez.webs.ull.es\/index.php?rest_route=\/wp\/v2\/types\/post"}],"author":[{"embeddable":true,"href":"https:\/\/ejimenez.webs.ull.es\/index.php?rest_route=\/wp\/v2\/users\/1"}],"replies":[{"embeddable":true,"href":"https:\/\/ejimenez.webs.ull.es\/index.php?rest_route=%2Fwp%2Fv2%2Fcomments&post=945"}],"version-history":[{"count":2,"href":"https:\/\/ejimenez.webs.ull.es\/index.php?rest_route=\/wp\/v2\/posts\/945\/revisions"}],"predecessor-version":[{"id":5196,"href":"https:\/\/ejimenez.webs.ull.es\/index.php?rest_route=\/wp\/v2\/posts\/945\/revisions\/5196"}],"wp:attachment":[{"href":"https:\/\/ejimenez.webs.ull.es\/index.php?rest_route=%2Fwp%2Fv2%2Fmedia&parent=945"}],"wp:term":[{"taxonomy":"category","embeddable":true,"href":"https:\/\/ejimenez.webs.ull.es\/index.php?rest_route=%2Fwp%2Fv2%2Fcategories&post=945"},{"taxonomy":"post_tag","embeddable":true,"href":"https:\/\/ejimenez.webs.ull.es\/index.php?rest_route=%2Fwp%2Fv2%2Ftags&post=945"}],"curies":[{"name":"wp","href":"https:\/\/api.w.org\/{rel}","templated":true}]}}