{"id":948,"date":"2015-06-02T21:11:38","date_gmt":"2015-06-02T21:11:38","guid":{"rendered":"http:\/\/ejimenez.webs.ull.es\/?p=948"},"modified":"2015-09-26T10:29:55","modified_gmt":"2015-09-26T10:29:55","slug":"elaine-bisschop-2","status":"publish","type":"post","link":"https:\/\/ejimenez.webs.ull.es\/?p=948","title":{"rendered":"Elaine Bisschop"},"content":{"rendered":"<p><img loading=\"lazy\" decoding=\"async\" class=\"alignleft size-full wp-image-946\" src=\"http:\/\/ejimenez.webs.ull.es\/wp-content\/uploads\/perfil_elaine.png\" alt=\"perfil_elaine\" width=\"150\" height=\"150\" \/><\/p>\n<p>Tiene un grado en Ciencias de la Educaci\u00f3n por la Universidad de \u00c1msterdam (Holanda). Ha cursado un M\u00e1ster en Intervenci\u00f3n Psicopedag\u00f3gica en contextos de la educaci\u00f3n formal y no formal por la Universidad de La Laguna. Cursa el Programa Oficial de Doctorado en Psicolog\u00eda y su investigaci\u00f3n se centra en dificultades espec\u00edficas de aprendizaje en matem\u00e1ticas y resoluci\u00f3n de problemas verbales. Actualmente trabaja en el proyecto Math Child en la VU University (\u00c1msterdam, Holanda).<\/p>\n","protected":false},"excerpt":{"rendered":"<p>Tiene un grado en Ciencias de la Educaci\u00f3n por la Universidad de \u00c1msterdam (Holanda). Ha cursado un M\u00e1ster en Intervenci\u00f3n Psicopedag\u00f3gica en contextos de la educaci\u00f3n formal y no formal por la Universidad de La Laguna. Cursa el Programa Oficial de Doctorado en Psicolog\u00eda y su investigaci\u00f3n se centra en dificultades espec\u00edficas de aprendizaje en [&hellip;]<\/p>\n","protected":false},"author":1,"featured_media":0,"comment_status":"closed","ping_status":"closed","sticky":false,"template":"","format":"standard","meta":{"footnotes":""},"categories":[40],"tags":[],"_links":{"self":[{"href":"https:\/\/ejimenez.webs.ull.es\/index.php?rest_route=\/wp\/v2\/posts\/948"}],"collection":[{"href":"https:\/\/ejimenez.webs.ull.es\/index.php?rest_route=\/wp\/v2\/posts"}],"about":[{"href":"https:\/\/ejimenez.webs.ull.es\/index.php?rest_route=\/wp\/v2\/types\/post"}],"author":[{"embeddable":true,"href":"https:\/\/ejimenez.webs.ull.es\/index.php?rest_route=\/wp\/v2\/users\/1"}],"replies":[{"embeddable":true,"href":"https:\/\/ejimenez.webs.ull.es\/index.php?rest_route=%2Fwp%2Fv2%2Fcomments&post=948"}],"version-history":[{"count":3,"href":"https:\/\/ejimenez.webs.ull.es\/index.php?rest_route=\/wp\/v2\/posts\/948\/revisions"}],"predecessor-version":[{"id":5668,"href":"https:\/\/ejimenez.webs.ull.es\/index.php?rest_route=\/wp\/v2\/posts\/948\/revisions\/5668"}],"wp:attachment":[{"href":"https:\/\/ejimenez.webs.ull.es\/index.php?rest_route=%2Fwp%2Fv2%2Fmedia&parent=948"}],"wp:term":[{"taxonomy":"category","embeddable":true,"href":"https:\/\/ejimenez.webs.ull.es\/index.php?rest_route=%2Fwp%2Fv2%2Fcategories&post=948"},{"taxonomy":"post_tag","embeddable":true,"href":"https:\/\/ejimenez.webs.ull.es\/index.php?rest_route=%2Fwp%2Fv2%2Ftags&post=948"}],"curies":[{"name":"wp","href":"https:\/\/api.w.org\/{rel}","templated":true}]}}