{"id":953,"date":"2016-06-02T21:12:51","date_gmt":"2016-06-02T21:12:51","guid":{"rendered":"http:\/\/ejimenez.webs.ull.es\/?p=953"},"modified":"2021-12-14T20:41:39","modified_gmt":"2021-12-14T20:41:39","slug":"ivana-bermudez-rochietti-2","status":"publish","type":"post","link":"https:\/\/ejimenez.webs.ull.es\/?p=953","title":{"rendered":"Jennifer Balade Gonz\u00e1lez"},"content":{"rendered":"<p><img loading=\"lazy\" decoding=\"async\" class=\"alignleft size-thumbnail wp-image-5664\" src=\"http:\/\/ejimenez.webs.ull.es\/wp-content\/uploads\/Jennifer1-150x150.png\" alt=\"Jennifer\" width=\"150\" height=\"150\" srcset=\"https:\/\/ejimenez.webs.ull.es\/wp-content\/uploads\/Jennifer1-150x150.png 150w, https:\/\/ejimenez.webs.ull.es\/wp-content\/uploads\/Jennifer1-300x300.png 300w, https:\/\/ejimenez.webs.ull.es\/wp-content\/uploads\/Jennifer1-1024x1024.png 1024w, https:\/\/ejimenez.webs.ull.es\/wp-content\/uploads\/Jennifer1.png 1080w\" sizes=\"(max-width: 150px) 100vw, 150px\" \/>Graduada en Logopedia por la Universidad de Granada. M\u00e1ster en Neurociencia Cognitiva y del Comportamiento, y m\u00e1ster en Atenci\u00f3n Temprana, ambos en la Universidad de Granada. Beneficiaria de una Beca de Colaboraci\u00f3n en el Programa de intervenci\u00f3n en habilidades de escritura y en el Estudio del potencial de aprendizaje de la lectoescritura en ni\u00f1os en edad escolar (test EPALE) por la Universidad de Granada. Con experiencia en Logopedia cl\u00ednica. Actualmente becaria del Programa de Formaci\u00f3n de Personal Investigador (FPI) y cursando el Programa de Doctorado de Psicolog\u00eda en la Universidad de La Laguna.<\/p>\n","protected":false},"excerpt":{"rendered":"<p>Graduada en Logopedia por la Universidad de Granada. M\u00e1ster en Neurociencia Cognitiva y del Comportamiento, y m\u00e1ster en Atenci\u00f3n Temprana, ambos en la Universidad de Granada. Beneficiaria de una Beca de Colaboraci\u00f3n en el Programa de intervenci\u00f3n en habilidades de escritura y en el Estudio del potencial de aprendizaje de la lectoescritura en ni\u00f1os en [&hellip;]<\/p>\n","protected":false},"author":1,"featured_media":0,"comment_status":"closed","ping_status":"closed","sticky":false,"template":"","format":"standard","meta":{"footnotes":""},"categories":[40],"tags":[],"_links":{"self":[{"href":"https:\/\/ejimenez.webs.ull.es\/index.php?rest_route=\/wp\/v2\/posts\/953"}],"collection":[{"href":"https:\/\/ejimenez.webs.ull.es\/index.php?rest_route=\/wp\/v2\/posts"}],"about":[{"href":"https:\/\/ejimenez.webs.ull.es\/index.php?rest_route=\/wp\/v2\/types\/post"}],"author":[{"embeddable":true,"href":"https:\/\/ejimenez.webs.ull.es\/index.php?rest_route=\/wp\/v2\/users\/1"}],"replies":[{"embeddable":true,"href":"https:\/\/ejimenez.webs.ull.es\/index.php?rest_route=%2Fwp%2Fv2%2Fcomments&post=953"}],"version-history":[{"count":7,"href":"https:\/\/ejimenez.webs.ull.es\/index.php?rest_route=\/wp\/v2\/posts\/953\/revisions"}],"predecessor-version":[{"id":5672,"href":"https:\/\/ejimenez.webs.ull.es\/index.php?rest_route=\/wp\/v2\/posts\/953\/revisions\/5672"}],"wp:attachment":[{"href":"https:\/\/ejimenez.webs.ull.es\/index.php?rest_route=%2Fwp%2Fv2%2Fmedia&parent=953"}],"wp:term":[{"taxonomy":"category","embeddable":true,"href":"https:\/\/ejimenez.webs.ull.es\/index.php?rest_route=%2Fwp%2Fv2%2Fcategories&post=953"},{"taxonomy":"post_tag","embeddable":true,"href":"https:\/\/ejimenez.webs.ull.es\/index.php?rest_route=%2Fwp%2Fv2%2Ftags&post=953"}],"curies":[{"name":"wp","href":"https:\/\/api.w.org\/{rel}","templated":true}]}}