{"id":992,"date":"2015-06-02T21:08:28","date_gmt":"2015-06-02T21:08:28","guid":{"rendered":"http:\/\/ejimenez.webs.ull.es\/?p=992"},"modified":"2015-11-14T10:15:16","modified_gmt":"2015-11-14T10:15:16","slug":"nuria-gutierrez-sosa-2","status":"publish","type":"post","link":"https:\/\/ejimenez.webs.ull.es\/?p=992","title":{"rendered":"Nuria Guti\u00e9rrez Sosa"},"content":{"rendered":"<p><img loading=\"lazy\" decoding=\"async\" class=\"alignleft wp-image-989 size-thumbnail\" src=\"http:\/\/ejimenez.webs.ull.es\/wp-content\/uploads\/Nuria-foto-150x150.jpg\" alt=\"Nuria foto\" width=\"150\" height=\"150\" \/><\/p>\n<p>Graduada en Psicolog\u00eda por la Universidad del Pa\u00eds Vasco. M\u00e1ster en Neurociencia Cognitiva y Necesidades Espec\u00edficas de Apoyo Educativo por la Universidad de la Laguna.\u00a0Su l\u00ednea de investigaci\u00f3n se centra en la detecci\u00f3n precoz de las dificultades espec\u00edficas de aprendizaje. Su principal contribuci\u00f3n puede resumirse en el desarrollo de medidas de progreso de aprendizaje en lectura basadas en el curr\u00edculo.<\/p>\n","protected":false},"excerpt":{"rendered":"<p>Graduada en Psicolog\u00eda por la Universidad del Pa\u00eds Vasco. M\u00e1ster en Neurociencia Cognitiva y Necesidades Espec\u00edficas de Apoyo Educativo por la Universidad de la Laguna.\u00a0Su l\u00ednea de investigaci\u00f3n se centra en la detecci\u00f3n precoz de las dificultades espec\u00edficas de aprendizaje. Su principal contribuci\u00f3n puede resumirse en el desarrollo de medidas de progreso de aprendizaje en [&hellip;]<\/p>\n","protected":false},"author":1,"featured_media":0,"comment_status":"closed","ping_status":"closed","sticky":false,"template":"","format":"standard","meta":{"footnotes":""},"categories":[40],"tags":[],"_links":{"self":[{"href":"https:\/\/ejimenez.webs.ull.es\/index.php?rest_route=\/wp\/v2\/posts\/992"}],"collection":[{"href":"https:\/\/ejimenez.webs.ull.es\/index.php?rest_route=\/wp\/v2\/posts"}],"about":[{"href":"https:\/\/ejimenez.webs.ull.es\/index.php?rest_route=\/wp\/v2\/types\/post"}],"author":[{"embeddable":true,"href":"https:\/\/ejimenez.webs.ull.es\/index.php?rest_route=\/wp\/v2\/users\/1"}],"replies":[{"embeddable":true,"href":"https:\/\/ejimenez.webs.ull.es\/index.php?rest_route=%2Fwp%2Fv2%2Fcomments&post=992"}],"version-history":[{"count":2,"href":"https:\/\/ejimenez.webs.ull.es\/index.php?rest_route=\/wp\/v2\/posts\/992\/revisions"}],"predecessor-version":[{"id":5278,"href":"https:\/\/ejimenez.webs.ull.es\/index.php?rest_route=\/wp\/v2\/posts\/992\/revisions\/5278"}],"wp:attachment":[{"href":"https:\/\/ejimenez.webs.ull.es\/index.php?rest_route=%2Fwp%2Fv2%2Fmedia&parent=992"}],"wp:term":[{"taxonomy":"category","embeddable":true,"href":"https:\/\/ejimenez.webs.ull.es\/index.php?rest_route=%2Fwp%2Fv2%2Fcategories&post=992"},{"taxonomy":"post_tag","embeddable":true,"href":"https:\/\/ejimenez.webs.ull.es\/index.php?rest_route=%2Fwp%2Fv2%2Ftags&post=992"}],"curies":[{"name":"wp","href":"https:\/\/api.w.org\/{rel}","templated":true}]}}